{"id":1115,"date":"2024-08-06T15:18:31","date_gmt":"2024-08-06T18:18:31","guid":{"rendered":"https:\/\/radioclubedeinhapim.com.br\/?p=1115"},"modified":"2024-08-06T15:18:31","modified_gmt":"2024-08-06T18:18:31","slug":"homem-morre-ao-ser-atingido-por-choque-eletrico-durante-manuseio-de-rolo-de-pintura-em-malacacheta","status":"publish","type":"post","link":"https:\/\/radioclubedeinhapim.com.br\/index.php\/2024\/08\/06\/homem-morre-ao-ser-atingido-por-choque-eletrico-durante-manuseio-de-rolo-de-pintura-em-malacacheta\/","title":{"rendered":"Homem morre ao ser atingido por choque el\u00e9trico, durante manuseio de rolo de pintura, em Malacacheta"},"content":{"rendered":"\n<p>Um homem morreu ap\u00f3s ser atingido por uma descarga el\u00e9trica na cidade de Malacacheta, na tarde desta segunda-feira (5). Segundo a Companhia Energ\u00e9tica de Minas Gerais, o acidente ocorreu durante o manuseio de um rolo de pintura com estrutura met\u00e1lica pr\u00f3xima \u00e0 rede de m\u00e9dia tens\u00e3o.<\/p>\n\n\n\n<p>A v\u00edtima estava na laje de uma casa de dois andares, quando o acidente aconteceu.<\/p>\n\n\n\n<p>A <a><\/a>Pol\u00edcia Civil informou que a ocorr\u00eancia est\u00e1 em andamento com a Pol\u00edcia Militar. A identifica\u00e7\u00e3o da v\u00edtima ainda n\u00e3o foi divulgada.<\/p>\n\n\n\n<p>A Cemig informou que a situa\u00e7\u00e3o da rede no local do acidente \u00e9 regular.<\/p>\n\n\n\n<p>Esclareceu que, em atividades da constru\u00e7\u00e3o civil, h\u00e1 risco de acidente com tarefas realizadas na mesma altura da rede de m\u00e9dia tens\u00e3o, como pinturas de fachadas, reforma de telhados e constru\u00e7\u00e3o de segundo e terceiro pavimentos, por exemplo.<\/p>\n\n\n\n<p>Segue o comunicado dizendo que dessa forma, \u00e9 necess\u00e1rio realizar uma An\u00e1lise Pr\u00e9via de Riscos (APR), que deve observar os riscos el\u00e9tricos. Essa recomenda\u00e7\u00e3o \u00e9 prevista na Norma Regulamentadora N\u00ba 10 (NR-10) e na ABNT NBR 16384:2020, que traz recomenda\u00e7\u00f5es e orienta\u00e7\u00f5es para o trabalho seguro com eletricidade.<\/p>\n\n\n\n<p>A empresa reafirma seu compromisso inegoci\u00e1vel com a seguran\u00e7a da popula\u00e7\u00e3o, lamenta profundamente o ocorrido e se solidariza com a fam\u00edlia da v\u00edtima.<\/p>\n","protected":false},"excerpt":{"rendered":"<p>Um homem morreu ap\u00f3s ser atingido por uma descarga el\u00e9trica na cidade de Malacacheta, na tarde desta segunda-feira (5). Segundo a Companhia Energ\u00e9tica de Minas Gerais, o acidente ocorreu durante o manuseio de um rolo de pintura com estrutura met\u00e1lica pr\u00f3xima \u00e0 rede de m\u00e9dia tens\u00e3o. A v\u00edtima estava na laje de uma casa de [&hellip;]<\/p>\n","protected":false},"author":2,"featured_media":1116,"comment_status":"open","ping_status":"open","sticky":false,"template":"","format":"standard","meta":{"footnotes":""},"categories":[5],"tags":[],"class_list":["post-1115","post","type-post","status-publish","format-standard","has-post-thumbnail","hentry","category-noticias"],"wpmagazine_modules_lite_featured_media_urls":{"thumbnail":["https:\/\/radioclubedeinhapim.com.br\/wp-content\/uploads\/2024\/08\/Copia-de-Inserir-um-subtitulo-2024-08-06T102306.097-150x150.jpg",150,150,true],"cvmm-medium":["https:\/\/radioclubedeinhapim.com.br\/wp-content\/uploads\/2024\/08\/Copia-de-Inserir-um-subtitulo-2024-08-06T102306.097-300x300.jpg",300,300,true],"cvmm-medium-plus":["https:\/\/radioclubedeinhapim.com.br\/wp-content\/uploads\/2024\/08\/Copia-de-Inserir-um-subtitulo-2024-08-06T102306.097-305x207.jpg",305,207,true],"cvmm-portrait":["https:\/\/radioclubedeinhapim.com.br\/wp-content\/uploads\/2024\/08\/Copia-de-Inserir-um-subtitulo-2024-08-06T102306.097-400x600.jpg",400,600,true],"cvmm-medium-square":["https:\/\/radioclubedeinhapim.com.br\/wp-content\/uploads\/2024\/08\/Copia-de-Inserir-um-subtitulo-2024-08-06T102306.097-600x600.jpg",600,600,true],"cvmm-large":["https:\/\/radioclubedeinhapim.com.br\/wp-content\/uploads\/2024\/08\/Copia-de-Inserir-um-subtitulo-2024-08-06T102306.097-1024x1024.jpg",1024,1024,true],"cvmm-small":["https:\/\/radioclubedeinhapim.com.br\/wp-content\/uploads\/2024\/08\/Copia-de-Inserir-um-subtitulo-2024-08-06T102306.097-130x95.jpg",130,95,true],"full":["https:\/\/radioclubedeinhapim.com.br\/wp-content\/uploads\/2024\/08\/Copia-de-Inserir-um-subtitulo-2024-08-06T102306.097.jpg",1080,1080,false]},"categories_names":{"5":{"name":"Not\u00edcias","link":"https:\/\/radioclubedeinhapim.com.br\/index.php\/category\/noticias\/"}},"tags_names":[],"comments_number":"0","_links":{"self":[{"href":"https:\/\/radioclubedeinhapim.com.br\/index.php\/wp-json\/wp\/v2\/posts\/1115","targetHints":{"allow":["GET"]}}],"collection":[{"href":"https:\/\/radioclubedeinhapim.com.br\/index.php\/wp-json\/wp\/v2\/posts"}],"about":[{"href":"https:\/\/radioclubedeinhapim.com.br\/index.php\/wp-json\/wp\/v2\/types\/post"}],"author":[{"embeddable":true,"href":"https:\/\/radioclubedeinhapim.com.br\/index.php\/wp-json\/wp\/v2\/users\/2"}],"replies":[{"embeddable":true,"href":"https:\/\/radioclubedeinhapim.com.br\/index.php\/wp-json\/wp\/v2\/comments?post=1115"}],"version-history":[{"count":1,"href":"https:\/\/radioclubedeinhapim.com.br\/index.php\/wp-json\/wp\/v2\/posts\/1115\/revisions"}],"predecessor-version":[{"id":1117,"href":"https:\/\/radioclubedeinhapim.com.br\/index.php\/wp-json\/wp\/v2\/posts\/1115\/revisions\/1117"}],"wp:featuredmedia":[{"embeddable":true,"href":"https:\/\/radioclubedeinhapim.com.br\/index.php\/wp-json\/wp\/v2\/media\/1116"}],"wp:attachment":[{"href":"https:\/\/radioclubedeinhapim.com.br\/index.php\/wp-json\/wp\/v2\/media?parent=1115"}],"wp:term":[{"taxonomy":"category","embeddable":true,"href":"https:\/\/radioclubedeinhapim.com.br\/index.php\/wp-json\/wp\/v2\/categories?post=1115"},{"taxonomy":"post_tag","embeddable":true,"href":"https:\/\/radioclubedeinhapim.com.br\/index.php\/wp-json\/wp\/v2\/tags?post=1115"}],"curies":[{"name":"wp","href":"https:\/\/api.w.org\/{rel}","templated":true}]}}