{"id":11260,"date":"2026-08-31T10:08:47","date_gmt":"2026-08-31T13:08:47","guid":{"rendered":"https:\/\/radioclubedeinhapim.com.br\/?p=11260"},"modified":"2026-08-31T10:08:47","modified_gmt":"2026-08-31T13:08:47","slug":"quedas-e-queimaduras-sao-maior-causa-de-internacao-de-criancas","status":"publish","type":"post","link":"https:\/\/radioclubedeinhapim.com.br\/index.php\/2026\/08\/31\/quedas-e-queimaduras-sao-maior-causa-de-internacao-de-criancas\/","title":{"rendered":"Quedas e queimaduras s\u00e3o maior causa de interna\u00e7\u00e3o de crian\u00e7as"},"content":{"rendered":"\n<p class=\"wp-block-paragraph\">As quedas e queimaduras foram as causas mais comuns de interna\u00e7\u00e3o de crian\u00e7as e adolescentes at\u00e9 os 14 anos de idade no Brasil, em 2025. Foram mais de 55 mil interna\u00e7\u00f5es por quedas, ou 43,4% do total para essa faixa et\u00e1ria, e mais de 25 mil interna\u00e7\u00f5es por queimaduras, 19,6% do total.<\/p>\n\n\n\n<p class=\"wp-block-paragraph\">Os dados, compilados pelo Projeto Crian\u00e7a Segura, da ONG Aldeias Infantis SOS, foram retirados diretamente do DataSUS, reposit\u00f3rio de dados que re\u00fane as notifica\u00e7\u00f5es em sa\u00fade no pa\u00eds.<\/p>\n\n\n\n<p class=\"wp-block-paragraph\">Em 2025, ocorreram mais de 1,6 milh\u00e3o de hospitaliza\u00e7\u00f5es de pessoas no pa\u00eds por acidentes, consideradas todas as faixas de idade. Crian\u00e7as e adolescentes at\u00e9 os 14 anos de idade responderam por 162 mil dessas interna\u00e7\u00f5es, 9,7% do total, sendo que 128,5 mil, 79,3% do total, mapeadas pelo Projeto Crian\u00e7a Segura.<\/p>\n\n\n\n<p class=\"wp-block-paragraph\">A cada m\u00eas, em 2025, 10,7 mil crian\u00e7as e adolescentes at\u00e9 os 14 anos de idade foram hospitalizadas em decorr\u00eancia de acidentes no Brasil, com maior incid\u00eancia nos estados de S\u00e3o Paulo, com 19.837 (15,4%), Minas Gerais, com 12.183 (9,5%) e Paran\u00e1, com 10.708 (8,3%). As menores incid\u00eancias foram nos estados do Amap\u00e1, 468 (0,4%), Roraima 543 (0,4%) e Sergipe, com 297 hospitaliza\u00e7\u00f5es, 0,2%.<\/p>\n\n\n\n<p class=\"wp-block-paragraph\">Quando ponderados em rela\u00e7\u00e3o \u00e0 popula\u00e7\u00e3o, os dados mostram uma realidade um pouco diferente. O Par\u00e1 teve a maior taxa de interna\u00e7\u00f5es, correspondendo a 120 hospitaliza\u00e7\u00f5es por 100 mil habitantes.<\/p>\n\n\n\n<p class=\"wp-block-paragraph\">Segundo colocado, o Tocantins teve taxa de 113, e o Maranh\u00e3o de 102 por 100 mil habitantes em 2025.<\/p>\n\n\n\n<p class=\"wp-block-paragraph\">No outro extremo est\u00e3o os estados do Rio de Janeiro, com taxa de 43 hospitaliza\u00e7\u00f5es por 100 mil, o Rio Grande do Norte, com taxa de 39 por 100 mil, e Sergipe, com taxa de 13 por 100 mil.<\/p>\n\n\n\n<p class=\"wp-block-paragraph\">Outras causas<\/p>\n\n\n\n<p class=\"wp-block-paragraph\">Os acidentes de tr\u00e2nsito est\u00e3o em terceiro lugar das causas de interna\u00e7\u00f5es por acidentes, com 12,6 mil ocorr\u00eancias (9,9%), concentrados na faixa dos 10 aos 14 anos (50,4%) e com presen\u00e7a importante na faixa dos 5 aos 9 anos (32,3%).<\/p>\n\n\n\n<p class=\"wp-block-paragraph\">Na sequ\u00eancia, houve 4,2 mil casos de intoxica\u00e7\u00f5es (3,3%), sendo que 37,7% desses acidentes com crian\u00e7as de 1 a 4 anos, e 31,2% em crian\u00e7as de 5 a 9 anos.<\/p>\n\n\n\n<p class=\"wp-block-paragraph\">Ag\u00eancia Brasil<\/p>\n","protected":false},"excerpt":{"rendered":"<p>As quedas e queimaduras foram as causas mais comuns de interna\u00e7\u00e3o de crian\u00e7as e adolescentes at\u00e9 os 14 anos de idade no Brasil, em 2025. Foram mais de 55 mil interna\u00e7\u00f5es por quedas, ou 43,4% do total para essa faixa et\u00e1ria, e mais de 25 mil interna\u00e7\u00f5es por queimaduras, 19,6% do total. Os dados, compilados [&hellip;]<\/p>\n","protected":false},"author":2,"featured_media":11261,"comment_status":"open","ping_status":"open","sticky":false,"template":"","format":"standard","meta":{"footnotes":""},"categories":[5],"tags":[],"class_list":["post-11260","post","type-post","status-publish","format-standard","has-post-thumbnail","hentry","category-noticias"],"wpmagazine_modules_lite_featured_media_urls":{"thumbnail":["https:\/\/radioclubedeinhapim.com.br\/wp-content\/uploads\/2026\/08\/EDITAR-12-150x150.jpg",150,150,true],"cvmm-medium":["https:\/\/radioclubedeinhapim.com.br\/wp-content\/uploads\/2026\/08\/EDITAR-12-300x300.jpg",300,300,true],"cvmm-medium-plus":["https:\/\/radioclubedeinhapim.com.br\/wp-content\/uploads\/2026\/08\/EDITAR-12-305x207.jpg",305,207,true],"cvmm-portrait":["https:\/\/radioclubedeinhapim.com.br\/wp-content\/uploads\/2026\/08\/EDITAR-12-400x600.jpg",400,600,true],"cvmm-medium-square":["https:\/\/radioclubedeinhapim.com.br\/wp-content\/uploads\/2026\/08\/EDITAR-12-600x600.jpg",600,600,true],"cvmm-large":["https:\/\/radioclubedeinhapim.com.br\/wp-content\/uploads\/2026\/08\/EDITAR-12-1024x1024.jpg",1024,1024,true],"cvmm-small":["https:\/\/radioclubedeinhapim.com.br\/wp-content\/uploads\/2026\/08\/EDITAR-12-130x95.jpg",130,95,true],"full":["https:\/\/radioclubedeinhapim.com.br\/wp-content\/uploads\/2026\/08\/EDITAR-12.jpg",1080,1080,false]},"categories_names":{"5":{"name":"Not\u00edcias","link":"https:\/\/radioclubedeinhapim.com.br\/index.php\/category\/noticias\/"}},"tags_names":[],"comments_number":"0","_links":{"self":[{"href":"https:\/\/radioclubedeinhapim.com.br\/index.php\/wp-json\/wp\/v2\/posts\/11260","targetHints":{"allow":["GET"]}}],"collection":[{"href":"https:\/\/radioclubedeinhapim.com.br\/index.php\/wp-json\/wp\/v2\/posts"}],"about":[{"href":"https:\/\/radioclubedeinhapim.com.br\/index.php\/wp-json\/wp\/v2\/types\/post"}],"author":[{"embeddable":true,"href":"https:\/\/radioclubedeinhapim.com.br\/index.php\/wp-json\/wp\/v2\/users\/2"}],"replies":[{"embeddable":true,"href":"https:\/\/radioclubedeinhapim.com.br\/index.php\/wp-json\/wp\/v2\/comments?post=11260"}],"version-history":[{"count":1,"href":"https:\/\/radioclubedeinhapim.com.br\/index.php\/wp-json\/wp\/v2\/posts\/11260\/revisions"}],"predecessor-version":[{"id":11262,"href":"https:\/\/radioclubedeinhapim.com.br\/index.php\/wp-json\/wp\/v2\/posts\/11260\/revisions\/11262"}],"wp:featuredmedia":[{"embeddable":true,"href":"https:\/\/radioclubedeinhapim.com.br\/index.php\/wp-json\/wp\/v2\/media\/11261"}],"wp:attachment":[{"href":"https:\/\/radioclubedeinhapim.com.br\/index.php\/wp-json\/wp\/v2\/media?parent=11260"}],"wp:term":[{"taxonomy":"category","embeddable":true,"href":"https:\/\/radioclubedeinhapim.com.br\/index.php\/wp-json\/wp\/v2\/categories?post=11260"},{"taxonomy":"post_tag","embeddable":true,"href":"https:\/\/radioclubedeinhapim.com.br\/index.php\/wp-json\/wp\/v2\/tags?post=11260"}],"curies":[{"name":"wp","href":"https:\/\/api.w.org\/{rel}","templated":true}]}}