{"id":11263,"date":"2026-08-31T11:07:23","date_gmt":"2026-08-31T14:07:23","guid":{"rendered":"https:\/\/radioclubedeinhapim.com.br\/?p=11263"},"modified":"2026-08-31T11:07:23","modified_gmt":"2026-08-31T14:07:23","slug":"ministerio-publico-ajuiza-acao-para-proteger-area-de-preservacao-permanente-em-inhapim","status":"publish","type":"post","link":"https:\/\/radioclubedeinhapim.com.br\/index.php\/2026\/08\/31\/ministerio-publico-ajuiza-acao-para-proteger-area-de-preservacao-permanente-em-inhapim\/","title":{"rendered":"Minist\u00e9rio P\u00fablico aju\u00edza a\u00e7\u00e3o para proteger \u00c1rea de Preserva\u00e7\u00e3o Permanente em Inhapim"},"content":{"rendered":"\n<p class=\"wp-block-paragraph\">O Minist\u00e9rio P\u00fablico de Minas Gerais (MPMG), por meio da 2\u00aa Promotoria de Justi\u00e7a de Inhapim, ajuizou uma A\u00e7\u00e3o Civil P\u00fablica para apurar e impedir uma interven\u00e7\u00e3o considerada irregular em uma \u00c1rea de Preserva\u00e7\u00e3o Permanente (APP), localizada na Rua Valdir Jos\u00e9 Ferreira de Amorim, em Inhapim.<\/p>\n\n\n\n<p class=\"wp-block-paragraph\">Segundo o MPMG, a situa\u00e7\u00e3o chegou ao conhecimento das autoridades por meio da Den\u00fancia de Balc\u00e3o n\u00ba 726\/2026, que resultou em uma fiscaliza\u00e7\u00e3o realizada pela Pol\u00edcia Militar de Meio Ambiente.<\/p>\n\n\n\n<p class=\"wp-block-paragraph\">Durante a vistoria, os agentes teriam constatado a constru\u00e7\u00e3o de uma edifica\u00e7\u00e3o de alvenaria destinada \u00e0 resid\u00eancia, instalada a aproximadamente 2,5 metros de um c\u00f3rrego com cerca de tr\u00eas metros de largura. A \u00e1rea diretamente afetada pela interven\u00e7\u00e3o foi estimada em aproximadamente 0,0084 hectare.<\/p>\n\n\n\n<p class=\"wp-block-paragraph\">De acordo com o Minist\u00e9rio P\u00fablico, a constru\u00e7\u00e3o estaria dificultando ou impedindo a regenera\u00e7\u00e3o natural da vegeta\u00e7\u00e3o existente na \u00e1rea protegida. Tamb\u00e9m foi informado durante a fiscaliza\u00e7\u00e3o que a obra havia come\u00e7ado cerca de quatro meses antes e que n\u00e3o existia autoriza\u00e7\u00e3o ou documenta\u00e7\u00e3o ambiental para a interven\u00e7\u00e3o na APP.<\/p>\n\n\n\n<p class=\"wp-block-paragraph\">Diante das irregularidades apontadas, foi lavrado um Auto de Infra\u00e7\u00e3o SISEMA no valor de R$ 2.894,95, al\u00e9m da determina\u00e7\u00e3o de suspens\u00e3o da atividade at\u00e9 a regulariza\u00e7\u00e3o da situa\u00e7\u00e3o.<\/p>\n\n\n\n<p class=\"wp-block-paragraph\">Ainda conforme o MPMG, mesmo ap\u00f3s a ordem administrativa de paralisa\u00e7\u00e3o, a interven\u00e7\u00e3o teria continuado, o que poderia aumentar os danos ambientais e consolidar a ocupa\u00e7\u00e3o considerada irregular.<\/p>\n\n\n\n<p class=\"wp-block-paragraph\">A\u00e7\u00e3o tamb\u00e9m envolve o Munic\u00edpio<\/p>\n\n\n\n<p class=\"wp-block-paragraph\">A A\u00e7\u00e3o Civil P\u00fablica foi proposta contra o respons\u00e1vel pela constru\u00e7\u00e3o e tamb\u00e9m contra o Munic\u00edpio de Inhapim.<\/p>\n\n\n\n<p class=\"wp-block-paragraph\">Segundo o Minist\u00e9rio P\u00fablico, al\u00e9m de buscar impedir a continuidade da interven\u00e7\u00e3o, a a\u00e7\u00e3o pretende promover a recupera\u00e7\u00e3o da \u00e1rea que teria sido degradada. Em rela\u00e7\u00e3o ao munic\u00edpio, o MPMG aponta uma poss\u00edvel omiss\u00e3o no exerc\u00edcio do poder de pol\u00edcia administrativa e na fiscaliza\u00e7\u00e3o do uso e ocupa\u00e7\u00e3o do solo urbano.<\/p>\n\n\n\n<p class=\"wp-block-paragraph\">Em car\u00e1ter de urg\u00eancia, o Minist\u00e9rio P\u00fablico pediu \u00e0 Justi\u00e7a que o respons\u00e1vel seja impedido de realizar ou permitir novas obras ou interven\u00e7\u00f5es no local. Tamb\u00e9m foi solicitado que o Munic\u00edpio exer\u00e7a efetivamente seu poder de fiscaliza\u00e7\u00e3o e adote as medidas necess\u00e1rias para impedir o prosseguimento da constru\u00e7\u00e3o.<\/p>\n\n\n\n<p class=\"wp-block-paragraph\">Segundo o promotor de Justi\u00e7a Jonas Junio Linhares Costa Monteiro, a iniciativa busca garantir a prote\u00e7\u00e3o das \u00c1reas de Preserva\u00e7\u00e3o Permanente, evitando a consolida\u00e7\u00e3o de interven\u00e7\u00f5es consideradas irregulares e assegurando as medidas necess\u00e1rias para a preserva\u00e7\u00e3o ambiental e a recupera\u00e7\u00e3o da \u00e1rea afetada.<\/p>\n\n\n\n<p class=\"wp-block-paragraph\">A a\u00e7\u00e3o agora ser\u00e1 analisada pelo Poder Judici\u00e1rio.<\/p>\n","protected":false},"excerpt":{"rendered":"<p>O Minist\u00e9rio P\u00fablico de Minas Gerais (MPMG), por meio da 2\u00aa Promotoria de Justi\u00e7a de Inhapim, ajuizou uma A\u00e7\u00e3o Civil P\u00fablica para apurar e impedir uma interven\u00e7\u00e3o considerada irregular em uma \u00c1rea de Preserva\u00e7\u00e3o Permanente (APP), localizada na Rua Valdir Jos\u00e9 Ferreira de Amorim, em Inhapim. Segundo o MPMG, a situa\u00e7\u00e3o chegou ao conhecimento das [&hellip;]<\/p>\n","protected":false},"author":2,"featured_media":11264,"comment_status":"open","ping_status":"open","sticky":false,"template":"","format":"standard","meta":{"footnotes":""},"categories":[5],"tags":[],"class_list":["post-11263","post","type-post","status-publish","format-standard","has-post-thumbnail","hentry","category-noticias"],"wpmagazine_modules_lite_featured_media_urls":{"thumbnail":["https:\/\/radioclubedeinhapim.com.br\/wp-content\/uploads\/2026\/08\/1-3-150x150.jpg",150,150,true],"cvmm-medium":["https:\/\/radioclubedeinhapim.com.br\/wp-content\/uploads\/2026\/08\/1-3-300x300.jpg",300,300,true],"cvmm-medium-plus":["https:\/\/radioclubedeinhapim.com.br\/wp-content\/uploads\/2026\/08\/1-3-305x207.jpg",305,207,true],"cvmm-portrait":["https:\/\/radioclubedeinhapim.com.br\/wp-content\/uploads\/2026\/08\/1-3-400x600.jpg",400,600,true],"cvmm-medium-square":["https:\/\/radioclubedeinhapim.com.br\/wp-content\/uploads\/2026\/08\/1-3-600x600.jpg",600,600,true],"cvmm-large":["https:\/\/radioclubedeinhapim.com.br\/wp-content\/uploads\/2026\/08\/1-3-1024x1024.jpg",1024,1024,true],"cvmm-small":["https:\/\/radioclubedeinhapim.com.br\/wp-content\/uploads\/2026\/08\/1-3-130x95.jpg",130,95,true],"full":["https:\/\/radioclubedeinhapim.com.br\/wp-content\/uploads\/2026\/08\/1-3.jpg",1080,1080,false]},"categories_names":{"5":{"name":"Not\u00edcias","link":"https:\/\/radioclubedeinhapim.com.br\/index.php\/category\/noticias\/"}},"tags_names":[],"comments_number":"0","_links":{"self":[{"href":"https:\/\/radioclubedeinhapim.com.br\/index.php\/wp-json\/wp\/v2\/posts\/11263","targetHints":{"allow":["GET"]}}],"collection":[{"href":"https:\/\/radioclubedeinhapim.com.br\/index.php\/wp-json\/wp\/v2\/posts"}],"about":[{"href":"https:\/\/radioclubedeinhapim.com.br\/index.php\/wp-json\/wp\/v2\/types\/post"}],"author":[{"embeddable":true,"href":"https:\/\/radioclubedeinhapim.com.br\/index.php\/wp-json\/wp\/v2\/users\/2"}],"replies":[{"embeddable":true,"href":"https:\/\/radioclubedeinhapim.com.br\/index.php\/wp-json\/wp\/v2\/comments?post=11263"}],"version-history":[{"count":1,"href":"https:\/\/radioclubedeinhapim.com.br\/index.php\/wp-json\/wp\/v2\/posts\/11263\/revisions"}],"predecessor-version":[{"id":11265,"href":"https:\/\/radioclubedeinhapim.com.br\/index.php\/wp-json\/wp\/v2\/posts\/11263\/revisions\/11265"}],"wp:featuredmedia":[{"embeddable":true,"href":"https:\/\/radioclubedeinhapim.com.br\/index.php\/wp-json\/wp\/v2\/media\/11264"}],"wp:attachment":[{"href":"https:\/\/radioclubedeinhapim.com.br\/index.php\/wp-json\/wp\/v2\/media?parent=11263"}],"wp:term":[{"taxonomy":"category","embeddable":true,"href":"https:\/\/radioclubedeinhapim.com.br\/index.php\/wp-json\/wp\/v2\/categories?post=11263"},{"taxonomy":"post_tag","embeddable":true,"href":"https:\/\/radioclubedeinhapim.com.br\/index.php\/wp-json\/wp\/v2\/tags?post=11263"}],"curies":[{"name":"wp","href":"https:\/\/api.w.org\/{rel}","templated":true}]}}