{"id":11268,"date":"2026-09-01T10:59:43","date_gmt":"2026-09-01T13:59:43","guid":{"rendered":"https:\/\/radioclubedeinhapim.com.br\/?p=11268"},"modified":"2026-09-01T10:59:43","modified_gmt":"2026-09-01T13:59:43","slug":"mpmg-denuncia-motociclista-apos-acidente-que-deixou-casal-e-duas-criancas-feridos-em-inhapim","status":"publish","type":"post","link":"https:\/\/radioclubedeinhapim.com.br\/index.php\/2026\/09\/01\/mpmg-denuncia-motociclista-apos-acidente-que-deixou-casal-e-duas-criancas-feridos-em-inhapim\/","title":{"rendered":"MPMG denuncia motociclista ap\u00f3s acidente que deixou casal e duas crian\u00e7as feridos em Inhapim"},"content":{"rendered":"\n<p class=\"wp-block-paragraph\">O Minist\u00e9rio P\u00fablico de Minas Gerais (MPMG), por meio da 2\u00aa Promotoria de Justi\u00e7a de Inhapim, ofereceu den\u00fancia contra um homem de 38 anos ap\u00f3s um acidente ocorrido no dia 16 de agosto de 2026, na Avenida Presidente Tancredo Neves, no bairro Santo Ant\u00f4nio, em Inhapim.<\/p>\n\n\n\n<p class=\"wp-block-paragraph\">Segundo a den\u00fancia, o motociclista teria invadido a cal\u00e7ada e atingido quatro pessoas de uma mesma fam\u00edlia: um casal e os dois filhos, uma beb\u00ea de 8 meses e uma crian\u00e7a de 1 ano e 11 meses.<\/p>\n\n\n\n<p class=\"wp-block-paragraph\">De acordo com o inqu\u00e9rito policial citado pelo Minist\u00e9rio P\u00fablico, o homem teria conduzido a motocicleta de maneira que, segundo a acusa\u00e7\u00e3o, teria assumido o risco de provocar a morte das v\u00edtimas. O MP classificou os fatos como quatro homic\u00eddios tentados, sendo dois deles qualificados por envolverem crian\u00e7as menores de 14 anos.<\/p>\n\n\n\n<p class=\"wp-block-paragraph\">No momento do acidente, o pai das crian\u00e7as percebeu a aproxima\u00e7\u00e3o da motocicleta e conseguiu retirar um dos filhos da trajet\u00f3ria principal, mas ainda foi atingido. A m\u00e3e, que carregava a beb\u00ea de 8 meses nos bra\u00e7os, tamb\u00e9m foi atingida e caiu ao solo junto com a crian\u00e7a.<\/p>\n\n\n\n<p class=\"wp-block-paragraph\">As duas crian\u00e7as sofreram ferimentos. A beb\u00ea apresentou hematoma na cabe\u00e7a, arranh\u00f5es no rosto, ferimentos nos dedos e hematomas nas orelhas e nos bra\u00e7os. A crian\u00e7a de 1 ano e 11 meses sofreu um corte na parte interna da boca.<\/p>\n\n\n\n<p class=\"wp-block-paragraph\">A m\u00e3e sofreu diversas les\u00f5es, incluindo um ferimento na cabe\u00e7a que precisou de aproximadamente 12 pontos, al\u00e9m de arranh\u00f5es, hematomas, incha\u00e7o e dores que dificultaram sua locomo\u00e7\u00e3o. O pai teve escoria\u00e7\u00f5es na regi\u00e3o do abd\u00f4men.<\/p>\n\n\n\n<p class=\"wp-block-paragraph\">As v\u00edtimas receberam atendimento m\u00e9dico. As duas crian\u00e7as permaneceram em observa\u00e7\u00e3o e foram posteriormente liberadas.<\/p>\n\n\n\n<p class=\"wp-block-paragraph\">Al\u00e9m da den\u00fancia, o Minist\u00e9rio P\u00fablico pediu a manuten\u00e7\u00e3o da pris\u00e3o preventiva do homem, alegando que permanecem os motivos que levaram \u00e0 decreta\u00e7\u00e3o da medida.<\/p>\n\n\n\n<p class=\"wp-block-paragraph\">A den\u00fancia representa a posi\u00e7\u00e3o do Minist\u00e9rio P\u00fablico sobre os fatos e ainda ser\u00e1 analisada pela Justi\u00e7a.<\/p>\n","protected":false},"excerpt":{"rendered":"<p>O Minist\u00e9rio P\u00fablico de Minas Gerais (MPMG), por meio da 2\u00aa Promotoria de Justi\u00e7a de Inhapim, ofereceu den\u00fancia contra um homem de 38 anos ap\u00f3s um acidente ocorrido no dia 16 de agosto de 2026, na Avenida Presidente Tancredo Neves, no bairro Santo Ant\u00f4nio, em Inhapim. Segundo a den\u00fancia, o motociclista teria invadido a cal\u00e7ada [&hellip;]<\/p>\n","protected":false},"author":2,"featured_media":11269,"comment_status":"open","ping_status":"open","sticky":false,"template":"","format":"standard","meta":{"footnotes":""},"categories":[5,1],"tags":[],"class_list":["post-11268","post","type-post","status-publish","format-standard","has-post-thumbnail","hentry","category-noticias","category-uncategorized"],"wpmagazine_modules_lite_featured_media_urls":{"thumbnail":["https:\/\/radioclubedeinhapim.com.br\/wp-content\/uploads\/2026\/09\/000-150x150.jpg",150,150,true],"cvmm-medium":["https:\/\/radioclubedeinhapim.com.br\/wp-content\/uploads\/2026\/09\/000-300x300.jpg",300,300,true],"cvmm-medium-plus":["https:\/\/radioclubedeinhapim.com.br\/wp-content\/uploads\/2026\/09\/000-305x207.jpg",305,207,true],"cvmm-portrait":["https:\/\/radioclubedeinhapim.com.br\/wp-content\/uploads\/2026\/09\/000-400x600.jpg",400,600,true],"cvmm-medium-square":["https:\/\/radioclubedeinhapim.com.br\/wp-content\/uploads\/2026\/09\/000-600x600.jpg",600,600,true],"cvmm-large":["https:\/\/radioclubedeinhapim.com.br\/wp-content\/uploads\/2026\/09\/000.jpg",940,788,false],"cvmm-small":["https:\/\/radioclubedeinhapim.com.br\/wp-content\/uploads\/2026\/09\/000-130x95.jpg",130,95,true],"full":["https:\/\/radioclubedeinhapim.com.br\/wp-content\/uploads\/2026\/09\/000.jpg",940,788,false]},"categories_names":{"5":{"name":"Not\u00edcias","link":"https:\/\/radioclubedeinhapim.com.br\/index.php\/category\/noticias\/"},"1":{"name":"Uncategorized","link":"https:\/\/radioclubedeinhapim.com.br\/index.php\/category\/uncategorized\/"}},"tags_names":[],"comments_number":"0","_links":{"self":[{"href":"https:\/\/radioclubedeinhapim.com.br\/index.php\/wp-json\/wp\/v2\/posts\/11268","targetHints":{"allow":["GET"]}}],"collection":[{"href":"https:\/\/radioclubedeinhapim.com.br\/index.php\/wp-json\/wp\/v2\/posts"}],"about":[{"href":"https:\/\/radioclubedeinhapim.com.br\/index.php\/wp-json\/wp\/v2\/types\/post"}],"author":[{"embeddable":true,"href":"https:\/\/radioclubedeinhapim.com.br\/index.php\/wp-json\/wp\/v2\/users\/2"}],"replies":[{"embeddable":true,"href":"https:\/\/radioclubedeinhapim.com.br\/index.php\/wp-json\/wp\/v2\/comments?post=11268"}],"version-history":[{"count":1,"href":"https:\/\/radioclubedeinhapim.com.br\/index.php\/wp-json\/wp\/v2\/posts\/11268\/revisions"}],"predecessor-version":[{"id":11270,"href":"https:\/\/radioclubedeinhapim.com.br\/index.php\/wp-json\/wp\/v2\/posts\/11268\/revisions\/11270"}],"wp:featuredmedia":[{"embeddable":true,"href":"https:\/\/radioclubedeinhapim.com.br\/index.php\/wp-json\/wp\/v2\/media\/11269"}],"wp:attachment":[{"href":"https:\/\/radioclubedeinhapim.com.br\/index.php\/wp-json\/wp\/v2\/media?parent=11268"}],"wp:term":[{"taxonomy":"category","embeddable":true,"href":"https:\/\/radioclubedeinhapim.com.br\/index.php\/wp-json\/wp\/v2\/categories?post=11268"},{"taxonomy":"post_tag","embeddable":true,"href":"https:\/\/radioclubedeinhapim.com.br\/index.php\/wp-json\/wp\/v2\/tags?post=11268"}],"curies":[{"name":"wp","href":"https:\/\/api.w.org\/{rel}","templated":true}]}}