{"id":11271,"date":"2026-09-01T11:11:13","date_gmt":"2026-09-01T14:11:13","guid":{"rendered":"https:\/\/radioclubedeinhapim.com.br\/?p=11271"},"modified":"2026-09-01T11:12:48","modified_gmt":"2026-09-01T14:12:48","slug":"crlv-2026-comeca-a-ser-exigido-nesta-terca-feira-em-mg-para-veiculos-com-placas-finais-1-2-e-3","status":"publish","type":"post","link":"https:\/\/radioclubedeinhapim.com.br\/index.php\/2026\/09\/01\/crlv-2026-comeca-a-ser-exigido-nesta-terca-feira-em-mg-para-veiculos-com-placas-finais-1-2-e-3\/","title":{"rendered":"CRLV 2026 come\u00e7a a ser exigido nesta ter\u00e7a-feira em MG para ve\u00edculos com placas finais 1, 2 e 3"},"content":{"rendered":"\n<p class=\"wp-block-paragraph\">A fiscaliza\u00e7\u00e3o do Certificado de Registro e Licenciamento de Ve\u00edculo (CRLV) 2026 come\u00e7a nesta ter\u00e7a-feira (1\u00ba) em Minas Gerais. Neste primeiro momento, o documento atualizado passa a ser exigido dos ve\u00edculos com placas terminadas em 1, 2 e 3.<\/p>\n\n\n\n<p class=\"wp-block-paragraph\">Para conseguir emitir o CRLV 2026, o propriet\u00e1rio precisa estar com as obriga\u00e7\u00f5es do ve\u00edculo regularizadas, como IPVA, Taxa de Renova\u00e7\u00e3o do Licenciamento Anual (TRLAV) e eventuais multas vencidas.<\/p>\n\n\n\n<p class=\"wp-block-paragraph\">Segundo o calend\u00e1rio estabelecido para Minas Gerais, a cobran\u00e7a ser\u00e1 feita de forma escalonada, conforme o final da placa:<\/p>\n\n\n\n<p class=\"wp-block-paragraph\">Finais 1, 2 e 3: a partir de 1\u00ba de setembro;<\/p>\n\n\n\n<p class=\"wp-block-paragraph\">Finais 4, 5 e 6: a partir de 1\u00ba de outubro;<\/p>\n\n\n\n<p class=\"wp-block-paragraph\">Finais 7, 8, 9 e 0: a partir de 1\u00ba de novembro.<\/p>\n\n\n\n<p class=\"wp-block-paragraph\">Mais de 4 milh\u00f5es de ve\u00edculos ainda est\u00e3o sem o CRLV 2026<\/p>\n\n\n\n<p class=\"wp-block-paragraph\">Minas Gerais tem uma frota de 13.879.240 ve\u00edculos. Desse total, 9.358.964 j\u00e1 est\u00e3o com o CRLV 2026 regularizado.<\/p>\n\n\n\n<p class=\"wp-block-paragraph\">Isso significa que, \u00e0s v\u00e9speras do in\u00edcio da fiscaliza\u00e7\u00e3o, cerca de 4,5 milh\u00f5es de ve\u00edculos ainda n\u00e3o estavam com o documento atualizado.<\/p>\n\n\n\n<p class=\"wp-block-paragraph\">Qual \u00e9 a multa por dirigir sem o CRLV?<\/p>\n\n\n\n<p class=\"wp-block-paragraph\">Circular com ve\u00edculo que n\u00e3o esteja devidamente licenciado \u00e9 infra\u00e7\u00e3o grav\u00edssima, segundo o C\u00f3digo de Tr\u00e2nsito Brasileiro (CTB).<\/p>\n\n\n\n<p class=\"wp-block-paragraph\">O motorista flagrado nessa situa\u00e7\u00e3o est\u00e1 sujeito a:<\/p>\n\n\n\n<p class=\"wp-block-paragraph\">\u25aamulta de R$ 293,47;<\/p>\n\n\n\n<p class=\"wp-block-paragraph\">\u25aasete pontos na Carteira Nacional de Habilita\u00e7\u00e3o (CNH);<\/p>\n\n\n\n<p class=\"wp-block-paragraph\">\u25aaremo\u00e7\u00e3o do ve\u00edculo at\u00e9 a regulariza\u00e7\u00e3o.<\/p>\n\n\n\n<p class=\"wp-block-paragraph\">O CRLV pode ser apresentado em formato digital ou impresso. Caso o motorista esteja sem celular no momento da abordagem, os agentes de tr\u00e2nsito tamb\u00e9m podem consultar a situa\u00e7\u00e3o do ve\u00edculo pelo sistema.<\/p>\n\n\n\n<p class=\"wp-block-paragraph\">G1<\/p>\n","protected":false},"excerpt":{"rendered":"<p>A fiscaliza\u00e7\u00e3o do Certificado de Registro e Licenciamento de Ve\u00edculo (CRLV) 2026 come\u00e7a nesta ter\u00e7a-feira (1\u00ba) em Minas Gerais. Neste primeiro momento, o documento atualizado passa a ser exigido dos ve\u00edculos com placas terminadas em 1, 2 e 3. Para conseguir emitir o CRLV 2026, o propriet\u00e1rio precisa estar com as obriga\u00e7\u00f5es do ve\u00edculo regularizadas, [&hellip;]<\/p>\n","protected":false},"author":2,"featured_media":11272,"comment_status":"open","ping_status":"open","sticky":false,"template":"","format":"standard","meta":{"footnotes":""},"categories":[5],"tags":[],"class_list":["post-11271","post","type-post","status-publish","format-standard","has-post-thumbnail","hentry","category-noticias"],"wpmagazine_modules_lite_featured_media_urls":{"thumbnail":["https:\/\/radioclubedeinhapim.com.br\/wp-content\/uploads\/2026\/09\/22-150x150.jpg",150,150,true],"cvmm-medium":["https:\/\/radioclubedeinhapim.com.br\/wp-content\/uploads\/2026\/09\/22-300x300.jpg",300,300,true],"cvmm-medium-plus":["https:\/\/radioclubedeinhapim.com.br\/wp-content\/uploads\/2026\/09\/22-305x207.jpg",305,207,true],"cvmm-portrait":["https:\/\/radioclubedeinhapim.com.br\/wp-content\/uploads\/2026\/09\/22-400x600.jpg",400,600,true],"cvmm-medium-square":["https:\/\/radioclubedeinhapim.com.br\/wp-content\/uploads\/2026\/09\/22-600x600.jpg",600,600,true],"cvmm-large":["https:\/\/radioclubedeinhapim.com.br\/wp-content\/uploads\/2026\/09\/22-1024x1024.jpg",1024,1024,true],"cvmm-small":["https:\/\/radioclubedeinhapim.com.br\/wp-content\/uploads\/2026\/09\/22-130x95.jpg",130,95,true],"full":["https:\/\/radioclubedeinhapim.com.br\/wp-content\/uploads\/2026\/09\/22.jpg",1080,1080,false]},"categories_names":{"5":{"name":"Not\u00edcias","link":"https:\/\/radioclubedeinhapim.com.br\/index.php\/category\/noticias\/"}},"tags_names":[],"comments_number":"0","_links":{"self":[{"href":"https:\/\/radioclubedeinhapim.com.br\/index.php\/wp-json\/wp\/v2\/posts\/11271","targetHints":{"allow":["GET"]}}],"collection":[{"href":"https:\/\/radioclubedeinhapim.com.br\/index.php\/wp-json\/wp\/v2\/posts"}],"about":[{"href":"https:\/\/radioclubedeinhapim.com.br\/index.php\/wp-json\/wp\/v2\/types\/post"}],"author":[{"embeddable":true,"href":"https:\/\/radioclubedeinhapim.com.br\/index.php\/wp-json\/wp\/v2\/users\/2"}],"replies":[{"embeddable":true,"href":"https:\/\/radioclubedeinhapim.com.br\/index.php\/wp-json\/wp\/v2\/comments?post=11271"}],"version-history":[{"count":4,"href":"https:\/\/radioclubedeinhapim.com.br\/index.php\/wp-json\/wp\/v2\/posts\/11271\/revisions"}],"predecessor-version":[{"id":11276,"href":"https:\/\/radioclubedeinhapim.com.br\/index.php\/wp-json\/wp\/v2\/posts\/11271\/revisions\/11276"}],"wp:featuredmedia":[{"embeddable":true,"href":"https:\/\/radioclubedeinhapim.com.br\/index.php\/wp-json\/wp\/v2\/media\/11272"}],"wp:attachment":[{"href":"https:\/\/radioclubedeinhapim.com.br\/index.php\/wp-json\/wp\/v2\/media?parent=11271"}],"wp:term":[{"taxonomy":"category","embeddable":true,"href":"https:\/\/radioclubedeinhapim.com.br\/index.php\/wp-json\/wp\/v2\/categories?post=11271"},{"taxonomy":"post_tag","embeddable":true,"href":"https:\/\/radioclubedeinhapim.com.br\/index.php\/wp-json\/wp\/v2\/tags?post=11271"}],"curies":[{"name":"wp","href":"https:\/\/api.w.org\/{rel}","templated":true}]}}