{"id":11277,"date":"2026-09-02T09:04:08","date_gmt":"2026-09-02T12:04:08","guid":{"rendered":"https:\/\/radioclubedeinhapim.com.br\/?p=11277"},"modified":"2026-09-02T09:04:18","modified_gmt":"2026-09-02T12:04:18","slug":"pf-deflagra-operacao-contra-esquema-que-teria-enviado-mais-de-230-brasileiros-ilegalmente-aos-estados-unidos","status":"publish","type":"post","link":"https:\/\/radioclubedeinhapim.com.br\/index.php\/2026\/09\/02\/pf-deflagra-operacao-contra-esquema-que-teria-enviado-mais-de-230-brasileiros-ilegalmente-aos-estados-unidos\/","title":{"rendered":"PF deflagra opera\u00e7\u00e3o contra esquema que teria enviado mais de 230 brasileiros ilegalmente aos Estados Unidos"},"content":{"rendered":"\n<p class=\"wp-block-paragraph\"><em>Investiga\u00e7\u00e3o aponta que suspeito organizava viagens e utilizava empresas de fachada para movimentar e ocultar recursos<\/em><\/p>\n\n\n\n<p class=\"wp-block-paragraph\">A Pol\u00edcia Federal deflagrou, na manh\u00e3 desta quarta-feira (2), a Opera\u00e7\u00e3o Chiapas, para combater um esquema de contrabando de migrantes que teria enviado ilegalmente mais de 230 brasileiros aos Estados Unidos entre 2021 e 2024.<\/p>\n\n\n\n<p class=\"wp-block-paragraph\">A opera\u00e7\u00e3o foi realizada em Governador Valadares, no Leste de Minas Gerais, onde foram cumpridos 13 mandados de busca e apreens\u00e3o. Em nove dos endere\u00e7os, as medidas judiciais t\u00eam como objetivo a apreens\u00e3o de ve\u00edculos que foram alvo de sequestro judicial.<\/p>\n\n\n\n<p class=\"wp-block-paragraph\">Al\u00e9m das buscas, a Justi\u00e7a autorizou o bloqueio de at\u00e9 R$ 24,3 milh\u00f5es em bens e valores relacionados aos investigados.<\/p>\n\n\n\n<p class=\"wp-block-paragraph\">De acordo com a Pol\u00edcia Federal, o principal investigado seria respons\u00e1vel por organizar toda a log\u00edstica das viagens, desde a sa\u00edda dos brasileiros do pa\u00eds, inclusive por transporte a\u00e9reo, at\u00e9 a entrada irregular em territ\u00f3rio norte-americano.<\/p>\n\n\n\n<p class=\"wp-block-paragraph\">Segundo as investiga\u00e7\u00f5es, o trajeto utilizado passava por pa\u00edses da Am\u00e9rica Central, entre eles Panam\u00e1 e M\u00e9xico, antes da entrada clandestina nos Estados Unidos.<\/p>\n\n\n\n<p class=\"wp-block-paragraph\">A investiga\u00e7\u00e3o tamb\u00e9m identificou ind\u00edcios de que o grupo utilizava empresas de fachada e mecanismos de lavagem de dinheiro para esconder e dissimular a origem dos valores obtidos com o esquema.<\/p>\n\n\n\n<p class=\"wp-block-paragraph\">Durante o cumprimento das medidas judiciais, uma pessoa foi presa em flagrante por posse e porte ilegais de arma de fogo. Documentos e aparelhos celulares tamb\u00e9m foram apreendidos e dever\u00e3o passar por an\u00e1lise dos investigadores.<\/p>\n\n\n\n<p class=\"wp-block-paragraph\">O preso ser\u00e1 encaminhado ao pres\u00eddio de Governador Valadares.<\/p>\n\n\n\n<p class=\"wp-block-paragraph\">A Pol\u00edcia Federal informou que a Opera\u00e7\u00e3o Chiapas tem como objetivo desarticular a estrutura respons\u00e1vel pelo transporte clandestino de migrantes e avan\u00e7ar na identifica\u00e7\u00e3o de outros envolvidos no esquema.<\/p>\n","protected":false},"excerpt":{"rendered":"<p>Investiga\u00e7\u00e3o aponta que suspeito organizava viagens e utilizava empresas de fachada para movimentar e ocultar recursos A Pol\u00edcia Federal deflagrou, na manh\u00e3 desta quarta-feira (2), a Opera\u00e7\u00e3o Chiapas, para combater um esquema de contrabando de migrantes que teria enviado ilegalmente mais de 230 brasileiros aos Estados Unidos entre 2021 e 2024. A opera\u00e7\u00e3o foi realizada [&hellip;]<\/p>\n","protected":false},"author":2,"featured_media":11278,"comment_status":"open","ping_status":"open","sticky":false,"template":"","format":"standard","meta":{"footnotes":""},"categories":[5],"tags":[],"class_list":["post-11277","post","type-post","status-publish","format-standard","has-post-thumbnail","hentry","category-noticias"],"wpmagazine_modules_lite_featured_media_urls":{"thumbnail":["https:\/\/radioclubedeinhapim.com.br\/wp-content\/uploads\/2026\/09\/t-150x150.jpg",150,150,true],"cvmm-medium":["https:\/\/radioclubedeinhapim.com.br\/wp-content\/uploads\/2026\/09\/t-300x300.jpg",300,300,true],"cvmm-medium-plus":["https:\/\/radioclubedeinhapim.com.br\/wp-content\/uploads\/2026\/09\/t-305x207.jpg",305,207,true],"cvmm-portrait":["https:\/\/radioclubedeinhapim.com.br\/wp-content\/uploads\/2026\/09\/t-400x600.jpg",400,600,true],"cvmm-medium-square":["https:\/\/radioclubedeinhapim.com.br\/wp-content\/uploads\/2026\/09\/t-600x600.jpg",600,600,true],"cvmm-large":["https:\/\/radioclubedeinhapim.com.br\/wp-content\/uploads\/2026\/09\/t-1024x1024.jpg",1024,1024,true],"cvmm-small":["https:\/\/radioclubedeinhapim.com.br\/wp-content\/uploads\/2026\/09\/t-130x95.jpg",130,95,true],"full":["https:\/\/radioclubedeinhapim.com.br\/wp-content\/uploads\/2026\/09\/t.jpg",1080,1080,false]},"categories_names":{"5":{"name":"Not\u00edcias","link":"https:\/\/radioclubedeinhapim.com.br\/index.php\/category\/noticias\/"}},"tags_names":[],"comments_number":"0","_links":{"self":[{"href":"https:\/\/radioclubedeinhapim.com.br\/index.php\/wp-json\/wp\/v2\/posts\/11277","targetHints":{"allow":["GET"]}}],"collection":[{"href":"https:\/\/radioclubedeinhapim.com.br\/index.php\/wp-json\/wp\/v2\/posts"}],"about":[{"href":"https:\/\/radioclubedeinhapim.com.br\/index.php\/wp-json\/wp\/v2\/types\/post"}],"author":[{"embeddable":true,"href":"https:\/\/radioclubedeinhapim.com.br\/index.php\/wp-json\/wp\/v2\/users\/2"}],"replies":[{"embeddable":true,"href":"https:\/\/radioclubedeinhapim.com.br\/index.php\/wp-json\/wp\/v2\/comments?post=11277"}],"version-history":[{"count":2,"href":"https:\/\/radioclubedeinhapim.com.br\/index.php\/wp-json\/wp\/v2\/posts\/11277\/revisions"}],"predecessor-version":[{"id":11280,"href":"https:\/\/radioclubedeinhapim.com.br\/index.php\/wp-json\/wp\/v2\/posts\/11277\/revisions\/11280"}],"wp:featuredmedia":[{"embeddable":true,"href":"https:\/\/radioclubedeinhapim.com.br\/index.php\/wp-json\/wp\/v2\/media\/11278"}],"wp:attachment":[{"href":"https:\/\/radioclubedeinhapim.com.br\/index.php\/wp-json\/wp\/v2\/media?parent=11277"}],"wp:term":[{"taxonomy":"category","embeddable":true,"href":"https:\/\/radioclubedeinhapim.com.br\/index.php\/wp-json\/wp\/v2\/categories?post=11277"},{"taxonomy":"post_tag","embeddable":true,"href":"https:\/\/radioclubedeinhapim.com.br\/index.php\/wp-json\/wp\/v2\/tags?post=11277"}],"curies":[{"name":"wp","href":"https:\/\/api.w.org\/{rel}","templated":true}]}}