{"id":11283,"date":"2026-09-03T08:51:36","date_gmt":"2026-09-03T11:51:36","guid":{"rendered":"https:\/\/radioclubedeinhapim.com.br\/?p=11283"},"modified":"2026-09-03T08:51:36","modified_gmt":"2026-09-03T11:51:36","slug":"jovem-e-preso-com-explosivos-e-drogas-dentro-de-onibus-em-governador-valadares","status":"publish","type":"post","link":"https:\/\/radioclubedeinhapim.com.br\/index.php\/2026\/09\/03\/jovem-e-preso-com-explosivos-e-drogas-dentro-de-onibus-em-governador-valadares\/","title":{"rendered":"Jovem \u00e9 preso com explosivos e drogas dentro de \u00f4nibus em Governador Valadares"},"content":{"rendered":"\n<p class=\"wp-block-paragraph\">Um jovem de 20 anos foi preso com duas granadas, maconha e drogas sint\u00e9ticas dentro de uma mala durante uma abordagem da Pol\u00edcia Militar a um \u00f4nibus em Governador Valadares, nessa quarta-feira (2). O ve\u00edculo havia sa\u00eddo do Rio de Janeiro.<\/p>\n\n\n\n<p class=\"wp-block-paragraph\">Segundo a PM, o \u00f4nibus foi abordado pela Pol\u00edcia Militar Rodovi\u00e1ria em um ponto de apoio no bairro Jardim Primavera, no bairro Vila Isa. Durante as buscas no ve\u00edculo, os militares perceberam o nervosismo de um dos passageiros e encontraram uma mala com os materiais.<\/p>\n\n\n\n<p class=\"wp-block-paragraph\">O jovem foi identificado como propriet\u00e1rio da bagagem. Dentro dela, al\u00e9m das drogas, havia duas granadas. Por causa do risco provocado pelos explosivos, o local foi isolado para garantir a seguran\u00e7a das pessoas que estavam na regi\u00e3o.<\/p>\n\n\n\n<p class=\"wp-block-paragraph\">Uma equipe do Batalh\u00e3o de Opera\u00e7\u00f5es Policiais Especiais (Bope), especializada no manejo de explosivos, foi acionada para atender \u00e0 ocorr\u00eancia.<\/p>\n\n\n\n<p class=\"wp-block-paragraph\">Os militares retiraram as duas granadas do local e levaram os artefatos para uma \u00e1rea aberta na regi\u00e3o do Penha, onde foram detonados por volta das 11h30.<\/p>\n\n\n\n<p class=\"wp-block-paragraph\">O homem, que \u00e9 de S\u00e3o Jo\u00e3o Evangelista, foi preso e encaminhado para a Delegacia. Segundo a PM, ele n\u00e3o informou a origem nem a poss\u00edvel destina\u00e7\u00e3o das granadas e das drogas.<\/p>\n\n\n\n<p class=\"wp-block-paragraph\">A ocorr\u00eancia ser\u00e1 investigada pela Pol\u00edcia Civil.<\/p>\n\n\n\n<p class=\"wp-block-paragraph\">G1<\/p>\n","protected":false},"excerpt":{"rendered":"<p>Um jovem de 20 anos foi preso com duas granadas, maconha e drogas sint\u00e9ticas dentro de uma mala durante uma abordagem da Pol\u00edcia Militar a um \u00f4nibus em Governador Valadares, nessa quarta-feira (2). O ve\u00edculo havia sa\u00eddo do Rio de Janeiro. Segundo a PM, o \u00f4nibus foi abordado pela Pol\u00edcia Militar Rodovi\u00e1ria em um ponto [&hellip;]<\/p>\n","protected":false},"author":2,"featured_media":11284,"comment_status":"open","ping_status":"open","sticky":false,"template":"","format":"standard","meta":{"footnotes":""},"categories":[5],"tags":[],"class_list":["post-11283","post","type-post","status-publish","format-standard","has-post-thumbnail","hentry","category-noticias"],"wpmagazine_modules_lite_featured_media_urls":{"thumbnail":["https:\/\/radioclubedeinhapim.com.br\/wp-content\/uploads\/2026\/09\/EDITAR-150x150.jpg",150,150,true],"cvmm-medium":["https:\/\/radioclubedeinhapim.com.br\/wp-content\/uploads\/2026\/09\/EDITAR-300x300.jpg",300,300,true],"cvmm-medium-plus":["https:\/\/radioclubedeinhapim.com.br\/wp-content\/uploads\/2026\/09\/EDITAR-305x207.jpg",305,207,true],"cvmm-portrait":["https:\/\/radioclubedeinhapim.com.br\/wp-content\/uploads\/2026\/09\/EDITAR-400x600.jpg",400,600,true],"cvmm-medium-square":["https:\/\/radioclubedeinhapim.com.br\/wp-content\/uploads\/2026\/09\/EDITAR-600x600.jpg",600,600,true],"cvmm-large":["https:\/\/radioclubedeinhapim.com.br\/wp-content\/uploads\/2026\/09\/EDITAR-1024x1024.jpg",1024,1024,true],"cvmm-small":["https:\/\/radioclubedeinhapim.com.br\/wp-content\/uploads\/2026\/09\/EDITAR-130x95.jpg",130,95,true],"full":["https:\/\/radioclubedeinhapim.com.br\/wp-content\/uploads\/2026\/09\/EDITAR.jpg",1080,1080,false]},"categories_names":{"5":{"name":"Not\u00edcias","link":"https:\/\/radioclubedeinhapim.com.br\/index.php\/category\/noticias\/"}},"tags_names":[],"comments_number":"0","_links":{"self":[{"href":"https:\/\/radioclubedeinhapim.com.br\/index.php\/wp-json\/wp\/v2\/posts\/11283","targetHints":{"allow":["GET"]}}],"collection":[{"href":"https:\/\/radioclubedeinhapim.com.br\/index.php\/wp-json\/wp\/v2\/posts"}],"about":[{"href":"https:\/\/radioclubedeinhapim.com.br\/index.php\/wp-json\/wp\/v2\/types\/post"}],"author":[{"embeddable":true,"href":"https:\/\/radioclubedeinhapim.com.br\/index.php\/wp-json\/wp\/v2\/users\/2"}],"replies":[{"embeddable":true,"href":"https:\/\/radioclubedeinhapim.com.br\/index.php\/wp-json\/wp\/v2\/comments?post=11283"}],"version-history":[{"count":1,"href":"https:\/\/radioclubedeinhapim.com.br\/index.php\/wp-json\/wp\/v2\/posts\/11283\/revisions"}],"predecessor-version":[{"id":11285,"href":"https:\/\/radioclubedeinhapim.com.br\/index.php\/wp-json\/wp\/v2\/posts\/11283\/revisions\/11285"}],"wp:featuredmedia":[{"embeddable":true,"href":"https:\/\/radioclubedeinhapim.com.br\/index.php\/wp-json\/wp\/v2\/media\/11284"}],"wp:attachment":[{"href":"https:\/\/radioclubedeinhapim.com.br\/index.php\/wp-json\/wp\/v2\/media?parent=11283"}],"wp:term":[{"taxonomy":"category","embeddable":true,"href":"https:\/\/radioclubedeinhapim.com.br\/index.php\/wp-json\/wp\/v2\/categories?post=11283"},{"taxonomy":"post_tag","embeddable":true,"href":"https:\/\/radioclubedeinhapim.com.br\/index.php\/wp-json\/wp\/v2\/tags?post=11283"}],"curies":[{"name":"wp","href":"https:\/\/api.w.org\/{rel}","templated":true}]}}