{"id":11286,"date":"2026-09-03T09:51:21","date_gmt":"2026-09-03T12:51:21","guid":{"rendered":"https:\/\/radioclubedeinhapim.com.br\/?p=11286"},"modified":"2026-09-03T09:51:21","modified_gmt":"2026-09-03T12:51:21","slug":"o-tribunal-superior-eleitoral-tse-aprovou-nesta-quarta-feira-2-o-registro-de-seis-chapas-de-candidatos-a-presidencia-da-republica-nas-eleicoes-de-outubro","status":"publish","type":"post","link":"https:\/\/radioclubedeinhapim.com.br\/index.php\/2026\/09\/03\/o-tribunal-superior-eleitoral-tse-aprovou-nesta-quarta-feira-2-o-registro-de-seis-chapas-de-candidatos-a-presidencia-da-republica-nas-eleicoes-de-outubro\/","title":{"rendered":"O Tribunal Superior Eleitoral (TSE) aprovou nesta quarta-feira (2) o registro de seis chapas de candidatos \u00e0 Presid\u00eancia da Rep\u00fablica nas elei\u00e7\u00f5es de outubro."},"content":{"rendered":"\n<p class=\"wp-block-paragraph\">Por unanimidade, foram aceitos os registros das seguintes chapas, que s\u00e3o formadas pelos candidatos e seus respectivos vices:<\/p>\n\n\n\n<ul class=\"wp-block-list\">\n<li><strong>Edmilson Costa e Cleusa Santos (PCB);<\/strong><\/li>\n\n\n\n<li><strong>Fl\u00e1vio Bolsonaro e Alfredo Gaspar (PL);<\/strong><\/li>\n\n\n\n<li><strong>Hertz Dias e Vanessa Portugal (PSTU);<\/strong><\/li>\n\n\n\n<li><strong>Luiz In\u00e1cio Lula da Silva (PT) e Geraldo Alckmin (PSB);<\/strong><\/li>\n\n\n\n<li><strong>Romeu Zema e Eduardo Gir\u00e3o (Novo);<\/strong><\/li>\n\n\n\n<li><strong>Samara Martins e Raquel Br\u00edcio (UP).<\/strong><\/li>\n<\/ul>\n\n\n\n<p class=\"wp-block-paragraph\">A delibera\u00e7\u00e3o do TSE ocorreu durante sess\u00e3o virtual, na qual os ministros registram os votos no sistema da Corte e n\u00e3o h\u00e1 vota\u00e7\u00e3o presencial.<\/p>\n\n\n\n<p class=\"wp-block-paragraph\">Por unanimidade,<strong>&nbsp;os sete ministros conclu\u00edram que os candidatos apresentaram os documentos necess\u00e1rios e est\u00e3o aptos a disputar o pleito.&nbsp;<\/strong><\/p>\n\n\n\n<p class=\"wp-block-paragraph\">No total, o tribunal recebeu 13 pedidos de registros de candidaturas.<strong>&nbsp;Ainda ser\u00e3o julgados os registros de sete candidatos e seus respectivos vices:<\/strong><\/p>\n\n\n\n<ul class=\"wp-block-list\">\n<li><strong>Augusto Cury e J\u00falio Delgado (Avante);<\/strong><\/li>\n\n\n\n<li><strong>Clariana Bar\u00e3o e Fabiana Torquato (DC);<\/strong><\/li>\n\n\n\n<li><strong>Pablo Mar\u00e7al e Leonardo Avalanche (PRTB);<\/strong><\/li>\n\n\n\n<li><strong>Renan Santos e Coronel Medina (Miss\u00e3o);<\/strong><\/li>\n\n\n\n<li><strong>Ronaldo Caiado e Gilberto Kassab (PSD);<\/strong><\/li>\n\n\n\n<li><strong>Rui Costa Pimenta e Ant\u00f4nio Carlos (PCO);<\/strong><\/li>\n\n\n\n<li><strong>Wilson Grassi e Su\u00ead Haidar (Democrata).<\/strong><\/li>\n<\/ul>\n\n\n\n<p class=\"wp-block-paragraph\">No caso de Pablo Mar\u00e7al, o&nbsp;<a href=\"https:\/\/agenciabrasil.ebc.com.br\/justica\/noticia\/2026-08\/tse-proibe-pablo-marcal-de-fazer-campanha-e-ir-debates\" target=\"_blank\" rel=\"noopener\">TSE j\u00e1 determinou que o candidato deve ficar proibido temporariamente de fazer campanha eleitoral, comparecer a debates e participar do hor\u00e1rio eleitoral no r\u00e1dio e na TV.<\/a><\/p>\n\n\n\n<p class=\"wp-block-paragraph\">Os ministros aceitaram um pedido de liminar protocolado pelo Minist\u00e9rio P\u00fablico Eleitoral (MPE) para suspender a campanha de Mar\u00e7al at\u00e9 que o TSE julgue de forma definitiva o registro de candidatura.&nbsp;<\/p>\n\n\n\n<p class=\"wp-block-paragraph\">O MPE afirmou ao tribunal que Pablo Mar\u00e7al est\u00e1 ineleg\u00edvel at\u00e9 2032 por ter sido condenado pela Justi\u00e7a Eleitoral de S\u00e3o Paulo por ofertar grava\u00e7\u00f5es de v\u00eddeos para vereadores e prefeitos em troca de doa\u00e7\u00f5es em dinheiro. O epis\u00f3dio ocorreu nas elei\u00e7\u00f5es municipais de 2024.<\/p>\n\n\n\n<p class=\"wp-block-paragraph\">Ag\u00eancia Brasil<\/p>\n","protected":false},"excerpt":{"rendered":"<p>Por unanimidade, foram aceitos os registros das seguintes chapas, que s\u00e3o formadas pelos candidatos e seus respectivos vices: A delibera\u00e7\u00e3o do TSE ocorreu durante sess\u00e3o virtual, na qual os ministros registram os votos no sistema da Corte e n\u00e3o h\u00e1 vota\u00e7\u00e3o presencial. Por unanimidade,&nbsp;os sete ministros conclu\u00edram que os candidatos apresentaram os documentos necess\u00e1rios e [&hellip;]<\/p>\n","protected":false},"author":2,"featured_media":11287,"comment_status":"open","ping_status":"open","sticky":false,"template":"","format":"standard","meta":{"footnotes":""},"categories":[5],"tags":[],"class_list":["post-11286","post","type-post","status-publish","format-standard","has-post-thumbnail","hentry","category-noticias"],"wpmagazine_modules_lite_featured_media_urls":{"thumbnail":["https:\/\/radioclubedeinhapim.com.br\/wp-content\/uploads\/2026\/09\/EDITAR-1-150x150.jpg",150,150,true],"cvmm-medium":["https:\/\/radioclubedeinhapim.com.br\/wp-content\/uploads\/2026\/09\/EDITAR-1-300x300.jpg",300,300,true],"cvmm-medium-plus":["https:\/\/radioclubedeinhapim.com.br\/wp-content\/uploads\/2026\/09\/EDITAR-1-305x207.jpg",305,207,true],"cvmm-portrait":["https:\/\/radioclubedeinhapim.com.br\/wp-content\/uploads\/2026\/09\/EDITAR-1-400x600.jpg",400,600,true],"cvmm-medium-square":["https:\/\/radioclubedeinhapim.com.br\/wp-content\/uploads\/2026\/09\/EDITAR-1-600x600.jpg",600,600,true],"cvmm-large":["https:\/\/radioclubedeinhapim.com.br\/wp-content\/uploads\/2026\/09\/EDITAR-1-1024x1024.jpg",1024,1024,true],"cvmm-small":["https:\/\/radioclubedeinhapim.com.br\/wp-content\/uploads\/2026\/09\/EDITAR-1-130x95.jpg",130,95,true],"full":["https:\/\/radioclubedeinhapim.com.br\/wp-content\/uploads\/2026\/09\/EDITAR-1.jpg",1080,1080,false]},"categories_names":{"5":{"name":"Not\u00edcias","link":"https:\/\/radioclubedeinhapim.com.br\/index.php\/category\/noticias\/"}},"tags_names":[],"comments_number":"0","_links":{"self":[{"href":"https:\/\/radioclubedeinhapim.com.br\/index.php\/wp-json\/wp\/v2\/posts\/11286","targetHints":{"allow":["GET"]}}],"collection":[{"href":"https:\/\/radioclubedeinhapim.com.br\/index.php\/wp-json\/wp\/v2\/posts"}],"about":[{"href":"https:\/\/radioclubedeinhapim.com.br\/index.php\/wp-json\/wp\/v2\/types\/post"}],"author":[{"embeddable":true,"href":"https:\/\/radioclubedeinhapim.com.br\/index.php\/wp-json\/wp\/v2\/users\/2"}],"replies":[{"embeddable":true,"href":"https:\/\/radioclubedeinhapim.com.br\/index.php\/wp-json\/wp\/v2\/comments?post=11286"}],"version-history":[{"count":1,"href":"https:\/\/radioclubedeinhapim.com.br\/index.php\/wp-json\/wp\/v2\/posts\/11286\/revisions"}],"predecessor-version":[{"id":11288,"href":"https:\/\/radioclubedeinhapim.com.br\/index.php\/wp-json\/wp\/v2\/posts\/11286\/revisions\/11288"}],"wp:featuredmedia":[{"embeddable":true,"href":"https:\/\/radioclubedeinhapim.com.br\/index.php\/wp-json\/wp\/v2\/media\/11287"}],"wp:attachment":[{"href":"https:\/\/radioclubedeinhapim.com.br\/index.php\/wp-json\/wp\/v2\/media?parent=11286"}],"wp:term":[{"taxonomy":"category","embeddable":true,"href":"https:\/\/radioclubedeinhapim.com.br\/index.php\/wp-json\/wp\/v2\/categories?post=11286"},{"taxonomy":"post_tag","embeddable":true,"href":"https:\/\/radioclubedeinhapim.com.br\/index.php\/wp-json\/wp\/v2\/tags?post=11286"}],"curies":[{"name":"wp","href":"https:\/\/api.w.org\/{rel}","templated":true}]}}