{"id":11289,"date":"2026-09-03T10:39:30","date_gmt":"2026-09-03T13:39:30","guid":{"rendered":"https:\/\/radioclubedeinhapim.com.br\/?p=11289"},"modified":"2026-09-03T10:39:30","modified_gmt":"2026-09-03T13:39:30","slug":"mpmg-denuncia-quatro-pessoas-por-homicidio-qualificado-de-kayk-vieira-extorsao-e-associacao-para-o-trafico-em-iapu","status":"publish","type":"post","link":"https:\/\/radioclubedeinhapim.com.br\/index.php\/2026\/09\/03\/mpmg-denuncia-quatro-pessoas-por-homicidio-qualificado-de-kayk-vieira-extorsao-e-associacao-para-o-trafico-em-iapu\/","title":{"rendered":"MPMG denuncia quatro pessoas por homic\u00eddio qualificado de Kayk Vieira, extors\u00e3o e associa\u00e7\u00e3o para o tr\u00e1fico em Iapu"},"content":{"rendered":"\n<p class=\"wp-block-paragraph\">O Minist\u00e9rio P\u00fablico de Minas Gerais (MPMG), por meio da 2\u00aa Promotoria de Justi\u00e7a de Inhapim, ofereceu den\u00fancia contra quatro pessoas, com idades de 21, 26, 37 e 39 anos, por crimes relacionados ao homic\u00eddio do jovem Kayk Vieira, de 21 anos, ocorrido em abril deste ano, no distrito de S\u00e3o Sebasti\u00e3o da Barra, em Iapu.<\/p>\n\n\n\n<p class=\"wp-block-paragraph\">De acordo com a den\u00fancia, o crime aconteceu na noite de 29 de abril de 2026, quando a v\u00edtima foi morta com disparos de arma de fogo dentro da pr\u00f3pria resid\u00eancia.<\/p>\n\n\n\n<p class=\"wp-block-paragraph\">Segundo as investiga\u00e7\u00f5es, o homic\u00eddio teria rela\u00e7\u00e3o com uma d\u00edvida envolvendo a aquisi\u00e7\u00e3o de drogas, al\u00e9m de desentendimentos relacionados \u00e0 cobran\u00e7a de valores e quest\u00f5es pessoais.<\/p>\n\n\n\n<p class=\"wp-block-paragraph\">Conforme apurado pelo Minist\u00e9rio P\u00fablico, a v\u00edtima teria contra\u00eddo uma d\u00edvida para aquisi\u00e7\u00e3o de entorpecentes e, como forma de pagamento, teria sido obrigada, mediante grave amea\u00e7a e uso de arma de fogo, a entregar uma televis\u00e3o avaliada em aproximadamente R$ 2,4 mil.<\/p>\n\n\n\n<p class=\"wp-block-paragraph\">Como o valor do aparelho seria superior ao da d\u00edvida, cerca de R$ 800 teriam ficado pendentes para serem devolvidos \u00e0 v\u00edtima. A den\u00fancia aponta que a cobran\u00e7a desse valor, juntamente com uma suspeita de envolvimento amoroso entre a v\u00edtima e a ex-companheira de um dos denunciados, teria contribu\u00eddo para a motiva\u00e7\u00e3o do homic\u00eddio.<\/p>\n\n\n\n<p class=\"wp-block-paragraph\">Ainda segundo o MPMG, no dia do crime, um dos acusados teria sido levado at\u00e9 as proximidades da resid\u00eancia da v\u00edtima e recebido informa\u00e7\u00f5es sobre sua localiza\u00e7\u00e3o. Ele teria entrado no im\u00f3vel pelos fundos e efetuado um primeiro disparo contra o t\u00f3rax da v\u00edtima. Ap\u00f3s ela cair, outros disparos teriam sido efetuados na regi\u00e3o da cabe\u00e7a.<\/p>\n\n\n\n<p class=\"wp-block-paragraph\">O Minist\u00e9rio P\u00fablico sustenta que o homic\u00eddio teria sido cometido por motivo torpe, com emprego de meio cruel e mediante recurso que dificultou ou impossibilitou a defesa da v\u00edtima, al\u00e9m de ter sido praticado com a finalidade de assegurar a impunidade de outro crime.<\/p>\n\n\n\n<p class=\"wp-block-paragraph\">Outros crimes<\/p>\n\n\n\n<p class=\"wp-block-paragraph\">Al\u00e9m do homic\u00eddio qualificado, dois dos denunciados tamb\u00e9m respondem por extors\u00e3o, em raz\u00e3o da acusa\u00e7\u00e3o de que teriam constrangido a v\u00edtima, mediante grave amea\u00e7a e uso de arma de fogo, a entregar o aparelho de televis\u00e3o.<\/p>\n\n\n\n<p class=\"wp-block-paragraph\">Os quatro denunciados tamb\u00e9m foram acusados de associa\u00e7\u00e3o para o tr\u00e1fico de drogas. Conforme as investiga\u00e7\u00f5es, eles teriam mantido uma atua\u00e7\u00e3o est\u00e1vel e coordenada, com divis\u00e3o de tarefas voltadas \u00e0 comercializa\u00e7\u00e3o de entorpecentes na regi\u00e3o.<\/p>\n\n\n\n<p class=\"wp-block-paragraph\">Um dos acusados responde ainda por porte ilegal de arma de fogo de uso permitido, relacionado a uma pistola calibre .380 que, segundo a den\u00fancia, teria sido utilizada na execu\u00e7\u00e3o do homic\u00eddio.<\/p>\n\n\n\n<p class=\"wp-block-paragraph\">O promotor de Justi\u00e7a Jonas Junio Linhares Costa Monteiro afirmou que a atua\u00e7\u00e3o do Minist\u00e9rio P\u00fablico busca responsabilizar os envolvidos diante da gravidade dos fatos e da viol\u00eancia empregada contra a v\u00edtima.<\/p>\n\n\n\n<p class=\"wp-block-paragraph\">As acusa\u00e7\u00f5es apresentadas pelo Minist\u00e9rio P\u00fablico ainda ser\u00e3o analisadas pela Justi\u00e7a.&nbsp;<\/p>\n","protected":false},"excerpt":{"rendered":"<p>O Minist\u00e9rio P\u00fablico de Minas Gerais (MPMG), por meio da 2\u00aa Promotoria de Justi\u00e7a de Inhapim, ofereceu den\u00fancia contra quatro pessoas, com idades de 21, 26, 37 e 39 anos, por crimes relacionados ao homic\u00eddio do jovem Kayk Vieira, de 21 anos, ocorrido em abril deste ano, no distrito de S\u00e3o Sebasti\u00e3o da Barra, em [&hellip;]<\/p>\n","protected":false},"author":2,"featured_media":11290,"comment_status":"open","ping_status":"open","sticky":false,"template":"","format":"standard","meta":{"footnotes":""},"categories":[5],"tags":[],"class_list":["post-11289","post","type-post","status-publish","format-standard","has-post-thumbnail","hentry","category-noticias"],"wpmagazine_modules_lite_featured_media_urls":{"thumbnail":["https:\/\/radioclubedeinhapim.com.br\/wp-content\/uploads\/2026\/09\/EDITAR-2-150x150.jpg",150,150,true],"cvmm-medium":["https:\/\/radioclubedeinhapim.com.br\/wp-content\/uploads\/2026\/09\/EDITAR-2-300x300.jpg",300,300,true],"cvmm-medium-plus":["https:\/\/radioclubedeinhapim.com.br\/wp-content\/uploads\/2026\/09\/EDITAR-2-305x207.jpg",305,207,true],"cvmm-portrait":["https:\/\/radioclubedeinhapim.com.br\/wp-content\/uploads\/2026\/09\/EDITAR-2-400x600.jpg",400,600,true],"cvmm-medium-square":["https:\/\/radioclubedeinhapim.com.br\/wp-content\/uploads\/2026\/09\/EDITAR-2-600x600.jpg",600,600,true],"cvmm-large":["https:\/\/radioclubedeinhapim.com.br\/wp-content\/uploads\/2026\/09\/EDITAR-2-1024x1024.jpg",1024,1024,true],"cvmm-small":["https:\/\/radioclubedeinhapim.com.br\/wp-content\/uploads\/2026\/09\/EDITAR-2-130x95.jpg",130,95,true],"full":["https:\/\/radioclubedeinhapim.com.br\/wp-content\/uploads\/2026\/09\/EDITAR-2.jpg",1080,1080,false]},"categories_names":{"5":{"name":"Not\u00edcias","link":"https:\/\/radioclubedeinhapim.com.br\/index.php\/category\/noticias\/"}},"tags_names":[],"comments_number":"0","_links":{"self":[{"href":"https:\/\/radioclubedeinhapim.com.br\/index.php\/wp-json\/wp\/v2\/posts\/11289","targetHints":{"allow":["GET"]}}],"collection":[{"href":"https:\/\/radioclubedeinhapim.com.br\/index.php\/wp-json\/wp\/v2\/posts"}],"about":[{"href":"https:\/\/radioclubedeinhapim.com.br\/index.php\/wp-json\/wp\/v2\/types\/post"}],"author":[{"embeddable":true,"href":"https:\/\/radioclubedeinhapim.com.br\/index.php\/wp-json\/wp\/v2\/users\/2"}],"replies":[{"embeddable":true,"href":"https:\/\/radioclubedeinhapim.com.br\/index.php\/wp-json\/wp\/v2\/comments?post=11289"}],"version-history":[{"count":1,"href":"https:\/\/radioclubedeinhapim.com.br\/index.php\/wp-json\/wp\/v2\/posts\/11289\/revisions"}],"predecessor-version":[{"id":11291,"href":"https:\/\/radioclubedeinhapim.com.br\/index.php\/wp-json\/wp\/v2\/posts\/11289\/revisions\/11291"}],"wp:featuredmedia":[{"embeddable":true,"href":"https:\/\/radioclubedeinhapim.com.br\/index.php\/wp-json\/wp\/v2\/media\/11290"}],"wp:attachment":[{"href":"https:\/\/radioclubedeinhapim.com.br\/index.php\/wp-json\/wp\/v2\/media?parent=11289"}],"wp:term":[{"taxonomy":"category","embeddable":true,"href":"https:\/\/radioclubedeinhapim.com.br\/index.php\/wp-json\/wp\/v2\/categories?post=11289"},{"taxonomy":"post_tag","embeddable":true,"href":"https:\/\/radioclubedeinhapim.com.br\/index.php\/wp-json\/wp\/v2\/tags?post=11289"}],"curies":[{"name":"wp","href":"https:\/\/api.w.org\/{rel}","templated":true}]}}