{"id":11303,"date":"2026-09-04T15:14:31","date_gmt":"2026-09-04T18:14:31","guid":{"rendered":"https:\/\/radioclubedeinhapim.com.br\/?p=11303"},"modified":"2026-09-04T15:14:31","modified_gmt":"2026-09-04T18:14:31","slug":"homem-de-29-anos-e-denunciado-pelo-mpmg-por-seis-crimes-no-presidio-de-inhapim","status":"publish","type":"post","link":"https:\/\/radioclubedeinhapim.com.br\/index.php\/2026\/09\/04\/homem-de-29-anos-e-denunciado-pelo-mpmg-por-seis-crimes-no-presidio-de-inhapim\/","title":{"rendered":"HOMEM DE 29 ANOS \u00c9 DENUNCIADO PELO MPMG POR SEIS CRIMES NO PRES\u00cdDIO DE INHAPIM"},"content":{"rendered":"\n<p class=\"wp-block-paragraph\">O Minist\u00e9rio P\u00fablico de Minas Gerais (MPMG), por meio da 2\u00aa Promotoria de Justi\u00e7a de Inhapim, ofereceu den\u00fancia contra um homem de 29 anos por seis crimes cometidos no interior do Pres\u00eddio de Inhapim.<\/p>\n\n\n\n<p class=\"wp-block-paragraph\">Segundo a den\u00fancia, o acusado teria desobedecido ordens de um policial penal, adotado comportamento agressivo e feito amea\u00e7as, afirmando pertencer ao \u201ccrime\u201d e ao Comando Vermelho. A investiga\u00e7\u00e3o, por\u00e9m, n\u00e3o encontrou provas suficientes de que ele integre a organiza\u00e7\u00e3o criminosa.<\/p>\n\n\n\n<p class=\"wp-block-paragraph\">O homem tamb\u00e9m \u00e9 acusado de participar de um movimento de insubordina\u00e7\u00e3o coletiva durante o banho de sol, al\u00e9m de envolvimento em agress\u00f5es contra outro detento.<\/p>\n\n\n\n<p class=\"wp-block-paragraph\">Durante uma revista realizada em agosto, foram encontrados ainda tr\u00eas instrumentos perfurocortantes artesanais, conhecidos como \u201cchu\u00e7os\u201d, sendo dois escondidos pr\u00f3ximos \u00e0 cama atribu\u00edda ao denunciado.<\/p>\n\n\n\n<p class=\"wp-block-paragraph\">O MPMG afirma que a den\u00fancia busca garantir a apura\u00e7\u00e3o dos fatos e a responsabiliza\u00e7\u00e3o criminal, al\u00e9m de preservar a seguran\u00e7a de servidores e demais custodiados.<\/p>\n","protected":false},"excerpt":{"rendered":"<p>O Minist\u00e9rio P\u00fablico de Minas Gerais (MPMG), por meio da 2\u00aa Promotoria de Justi\u00e7a de Inhapim, ofereceu den\u00fancia contra um homem de 29 anos por seis crimes cometidos no interior do Pres\u00eddio de Inhapim. Segundo a den\u00fancia, o acusado teria desobedecido ordens de um policial penal, adotado comportamento agressivo e feito amea\u00e7as, afirmando pertencer ao [&hellip;]<\/p>\n","protected":false},"author":2,"featured_media":11304,"comment_status":"open","ping_status":"open","sticky":false,"template":"","format":"standard","meta":{"footnotes":""},"categories":[5],"tags":[],"class_list":["post-11303","post","type-post","status-publish","format-standard","has-post-thumbnail","hentry","category-noticias"],"wpmagazine_modules_lite_featured_media_urls":{"thumbnail":["https:\/\/radioclubedeinhapim.com.br\/wp-content\/uploads\/2026\/09\/PRESIDIO-150x150.jpg",150,150,true],"cvmm-medium":["https:\/\/radioclubedeinhapim.com.br\/wp-content\/uploads\/2026\/09\/PRESIDIO-300x300.jpg",300,300,true],"cvmm-medium-plus":["https:\/\/radioclubedeinhapim.com.br\/wp-content\/uploads\/2026\/09\/PRESIDIO-305x207.jpg",305,207,true],"cvmm-portrait":["https:\/\/radioclubedeinhapim.com.br\/wp-content\/uploads\/2026\/09\/PRESIDIO-400x600.jpg",400,600,true],"cvmm-medium-square":["https:\/\/radioclubedeinhapim.com.br\/wp-content\/uploads\/2026\/09\/PRESIDIO-600x600.jpg",600,600,true],"cvmm-large":["https:\/\/radioclubedeinhapim.com.br\/wp-content\/uploads\/2026\/09\/PRESIDIO-1024x1024.jpg",1024,1024,true],"cvmm-small":["https:\/\/radioclubedeinhapim.com.br\/wp-content\/uploads\/2026\/09\/PRESIDIO-130x95.jpg",130,95,true],"full":["https:\/\/radioclubedeinhapim.com.br\/wp-content\/uploads\/2026\/09\/PRESIDIO.jpg",1080,1080,false]},"categories_names":{"5":{"name":"Not\u00edcias","link":"https:\/\/radioclubedeinhapim.com.br\/index.php\/category\/noticias\/"}},"tags_names":[],"comments_number":"0","_links":{"self":[{"href":"https:\/\/radioclubedeinhapim.com.br\/index.php\/wp-json\/wp\/v2\/posts\/11303","targetHints":{"allow":["GET"]}}],"collection":[{"href":"https:\/\/radioclubedeinhapim.com.br\/index.php\/wp-json\/wp\/v2\/posts"}],"about":[{"href":"https:\/\/radioclubedeinhapim.com.br\/index.php\/wp-json\/wp\/v2\/types\/post"}],"author":[{"embeddable":true,"href":"https:\/\/radioclubedeinhapim.com.br\/index.php\/wp-json\/wp\/v2\/users\/2"}],"replies":[{"embeddable":true,"href":"https:\/\/radioclubedeinhapim.com.br\/index.php\/wp-json\/wp\/v2\/comments?post=11303"}],"version-history":[{"count":1,"href":"https:\/\/radioclubedeinhapim.com.br\/index.php\/wp-json\/wp\/v2\/posts\/11303\/revisions"}],"predecessor-version":[{"id":11305,"href":"https:\/\/radioclubedeinhapim.com.br\/index.php\/wp-json\/wp\/v2\/posts\/11303\/revisions\/11305"}],"wp:featuredmedia":[{"embeddable":true,"href":"https:\/\/radioclubedeinhapim.com.br\/index.php\/wp-json\/wp\/v2\/media\/11304"}],"wp:attachment":[{"href":"https:\/\/radioclubedeinhapim.com.br\/index.php\/wp-json\/wp\/v2\/media?parent=11303"}],"wp:term":[{"taxonomy":"category","embeddable":true,"href":"https:\/\/radioclubedeinhapim.com.br\/index.php\/wp-json\/wp\/v2\/categories?post=11303"},{"taxonomy":"post_tag","embeddable":true,"href":"https:\/\/radioclubedeinhapim.com.br\/index.php\/wp-json\/wp\/v2\/tags?post=11303"}],"curies":[{"name":"wp","href":"https:\/\/api.w.org\/{rel}","templated":true}]}}