{"id":11307,"date":"2026-09-05T10:31:07","date_gmt":"2026-09-05T13:31:07","guid":{"rendered":"https:\/\/radioclubedeinhapim.com.br\/?p=11307"},"modified":"2026-09-05T10:31:07","modified_gmt":"2026-09-05T13:31:07","slug":"justica-eleitoral-garante-transporte-e-urnas-adaptadas-para-pcd","status":"publish","type":"post","link":"https:\/\/radioclubedeinhapim.com.br\/index.php\/2026\/09\/05\/justica-eleitoral-garante-transporte-e-urnas-adaptadas-para-pcd\/","title":{"rendered":"Justi\u00e7a Eleitoral garante transporte e urnas adaptadas para PCD"},"content":{"rendered":"\n<p class=\"wp-block-paragraph\">Diante do crescimento expressivo do n\u00famero de eleitores com algum tipo de defici\u00eancia f\u00edsica ou dificuldade motora, a Justi\u00e7a Eleitoral estruturou&nbsp;uma s\u00e9rie de iniciativas que permitem a esses cidad\u00e3os e cidad\u00e3s exercer o direito ao voto com autonomia e dignidade.<img decoding=\"async\" src=\"https:\/\/agenciabrasil.ebc.com.br\/ebc.png?id=1701595&amp;o=node\"><img decoding=\"async\" src=\"https:\/\/agenciabrasil.ebc.com.br\/ebc.gif?id=1701595&amp;o=node\"><\/p>\n\n\n\n<p class=\"wp-block-paragraph\"><a href=\"https:\/\/sig.tse.jus.br\/ords\/dwapr\/r\/seai\/sig-eleicao\/home\" target=\"_blank\" rel=\"noopener\">Dados do Tribunal Superior Eleitoral<\/a>&nbsp;(TSE) indicam que o eleitorado com alguma defici\u00eancia aumentou quase 14 vezes (ou 1.290%) em 16 anos, saltando de 141.690, em 2010, para os atuais 1.970.165. Sobre as candidaturas, a base de dados do tribunal&nbsp;s\u00f3 informa a evolu\u00e7\u00e3o dos \u00faltimos quatro anos, per\u00edodo no qual o pedido de registros passou de 489 para 524.<\/p>\n\n\n\n<h2 class=\"wp-block-heading\">Transporte<\/h2>\n\n\n\n<p class=\"wp-block-paragraph\">Com o Programa Seu Voto Importa, institu\u00eddo em fevereiro de 2026, pela&nbsp;<a href=\"https:\/\/www.tse.jus.br\/legislacao\/compilada\/res\/2026\/resolucao-no-23-753-de-26-de-fevereiro-de-2026\" target=\"_blank\" rel=\"noopener\">Resolu\u00e7\u00e3o&nbsp;23.753<\/a>,&nbsp;<strong>a Justi\u00e7a Eleitoral se compromete a viabilizar, no dia da elei\u00e7\u00e3o, mediante pedido pr\u00e9vio, transporte especial gratuito para eleitores que enfrentam dificuldades para chegar aos locais de vota\u00e7\u00e3o devido a algum tipo de defici\u00eancia ou mobilidade reduzida.<\/strong><\/p>\n\n\n\n<p class=\"wp-block-paragraph\">O transporte ser\u00e1 viabilizado pelos tribunais regionais eleitorais (TREs) em suas respectivas unidades federativas, por meio de acordos de coopera\u00e7\u00e3o t\u00e9cnica.&nbsp;<strong>Para o primeiro turno,&nbsp;em 4 de outubro, os interessados t\u00eam at\u00e9 o dia 14 de setembro para formalizar o pedido presencialmente, em um cart\u00f3rio eleitoral, ou por meio dos canais de atendimento informados no site do TRE respons\u00e1vel pelo&nbsp;local de vota\u00e7\u00e3o.<\/strong><\/p>\n\n\n\n<p class=\"wp-block-paragraph\"><strong>A solicita\u00e7\u00e3o pode ser entregue pelo pr\u00f3prio eleitor ou eleitora, ou por seu procurador legal, curador ou apoiador. Tamb\u00e9m ser\u00e1 necess\u00e1ria autodeclara\u00e7\u00e3o ou documenta\u00e7\u00e3o que comprove a defici\u00eancia ou a dificuldade de locomo\u00e7\u00e3o.<\/strong><\/p>\n\n\n\n<p class=\"wp-block-paragraph\">O TRE de S\u00e3o Paulo, por exemplo, informou, nesta sexta-feira (4) que o&nbsp;<a href=\"https:\/\/www.tre-sp.jus.br\/institucional\/governanca_institucional\/arquivo\/municipios-participantes-do-seu-voto-importa\/@@display-file\/file\/municipios-participantes-do-seu-voto-importa-atualizado-em-04.09.pdf\" target=\"_blank\" rel=\"noopener\">servi\u00e7o ser\u00e1 disponibilizado em mais de 300 cidades do estado<\/a>, contemplando pessoas com defici\u00eancia e que apresentarem dificuldade para se movimentar, incluindo idosos, gestantes, lactantes, pessoas com crian\u00e7as de colo e pessoas obesas.<\/p>\n","protected":false},"excerpt":{"rendered":"<p>Diante do crescimento expressivo do n\u00famero de eleitores com algum tipo de defici\u00eancia f\u00edsica ou dificuldade motora, a Justi\u00e7a Eleitoral estruturou&nbsp;uma s\u00e9rie de iniciativas que permitem a esses cidad\u00e3os e cidad\u00e3s exercer o direito ao voto com autonomia e dignidade. Dados do Tribunal Superior Eleitoral&nbsp;(TSE) indicam que o eleitorado com alguma defici\u00eancia aumentou quase 14 [&hellip;]<\/p>\n","protected":false},"author":2,"featured_media":11308,"comment_status":"open","ping_status":"open","sticky":false,"template":"","format":"standard","meta":{"footnotes":""},"categories":[5],"tags":[],"class_list":["post-11307","post","type-post","status-publish","format-standard","has-post-thumbnail","hentry","category-noticias"],"wpmagazine_modules_lite_featured_media_urls":{"thumbnail":["https:\/\/radioclubedeinhapim.com.br\/wp-content\/uploads\/2026\/09\/EDITAR-4-150x150.jpg",150,150,true],"cvmm-medium":["https:\/\/radioclubedeinhapim.com.br\/wp-content\/uploads\/2026\/09\/EDITAR-4-300x300.jpg",300,300,true],"cvmm-medium-plus":["https:\/\/radioclubedeinhapim.com.br\/wp-content\/uploads\/2026\/09\/EDITAR-4-305x207.jpg",305,207,true],"cvmm-portrait":["https:\/\/radioclubedeinhapim.com.br\/wp-content\/uploads\/2026\/09\/EDITAR-4-400x600.jpg",400,600,true],"cvmm-medium-square":["https:\/\/radioclubedeinhapim.com.br\/wp-content\/uploads\/2026\/09\/EDITAR-4-600x600.jpg",600,600,true],"cvmm-large":["https:\/\/radioclubedeinhapim.com.br\/wp-content\/uploads\/2026\/09\/EDITAR-4-1024x1024.jpg",1024,1024,true],"cvmm-small":["https:\/\/radioclubedeinhapim.com.br\/wp-content\/uploads\/2026\/09\/EDITAR-4-130x95.jpg",130,95,true],"full":["https:\/\/radioclubedeinhapim.com.br\/wp-content\/uploads\/2026\/09\/EDITAR-4.jpg",1080,1080,false]},"categories_names":{"5":{"name":"Not\u00edcias","link":"https:\/\/radioclubedeinhapim.com.br\/index.php\/category\/noticias\/"}},"tags_names":[],"comments_number":"0","_links":{"self":[{"href":"https:\/\/radioclubedeinhapim.com.br\/index.php\/wp-json\/wp\/v2\/posts\/11307","targetHints":{"allow":["GET"]}}],"collection":[{"href":"https:\/\/radioclubedeinhapim.com.br\/index.php\/wp-json\/wp\/v2\/posts"}],"about":[{"href":"https:\/\/radioclubedeinhapim.com.br\/index.php\/wp-json\/wp\/v2\/types\/post"}],"author":[{"embeddable":true,"href":"https:\/\/radioclubedeinhapim.com.br\/index.php\/wp-json\/wp\/v2\/users\/2"}],"replies":[{"embeddable":true,"href":"https:\/\/radioclubedeinhapim.com.br\/index.php\/wp-json\/wp\/v2\/comments?post=11307"}],"version-history":[{"count":1,"href":"https:\/\/radioclubedeinhapim.com.br\/index.php\/wp-json\/wp\/v2\/posts\/11307\/revisions"}],"predecessor-version":[{"id":11309,"href":"https:\/\/radioclubedeinhapim.com.br\/index.php\/wp-json\/wp\/v2\/posts\/11307\/revisions\/11309"}],"wp:featuredmedia":[{"embeddable":true,"href":"https:\/\/radioclubedeinhapim.com.br\/index.php\/wp-json\/wp\/v2\/media\/11308"}],"wp:attachment":[{"href":"https:\/\/radioclubedeinhapim.com.br\/index.php\/wp-json\/wp\/v2\/media?parent=11307"}],"wp:term":[{"taxonomy":"category","embeddable":true,"href":"https:\/\/radioclubedeinhapim.com.br\/index.php\/wp-json\/wp\/v2\/categories?post=11307"},{"taxonomy":"post_tag","embeddable":true,"href":"https:\/\/radioclubedeinhapim.com.br\/index.php\/wp-json\/wp\/v2\/tags?post=11307"}],"curies":[{"name":"wp","href":"https:\/\/api.w.org\/{rel}","templated":true}]}}