{"id":1206,"date":"2024-08-12T15:58:19","date_gmt":"2024-08-12T18:58:19","guid":{"rendered":"https:\/\/radioclubedeinhapim.com.br\/?p=1206"},"modified":"2024-08-12T15:58:19","modified_gmt":"2024-08-12T18:58:19","slug":"policia-militar-prende-autor-envolvido-em-homicidio-consumado-e-apreende-02-menores-envolvidos-com-o-trafico-de-drogas-em-ipanema","status":"publish","type":"post","link":"https:\/\/radioclubedeinhapim.com.br\/index.php\/2024\/08\/12\/policia-militar-prende-autor-envolvido-em-homicidio-consumado-e-apreende-02-menores-envolvidos-com-o-trafico-de-drogas-em-ipanema\/","title":{"rendered":"POL\u00cdCIA MILITAR PRENDE AUTOR ENVOLVIDO EM HOMIC\u00cdDIO CONSUMADO E APREENDE 02 MENORES ENVOLVIDOS COM O TR\u00c1FICO DE DROGAS EM IPANEMA"},"content":{"rendered":"\n<p>Na noite do \u00faltimo domingo, 11 de agosto de 2024,por volta das 20h, a Pol\u00edcia Militar em Ipanema, prendeu um autor de homic\u00eddio consumado, de 22 anos, que ceifou a vida de uma v\u00edtima do sexo masculino, de 27 anos.<\/p>\n\n\n\n<p>O fato ocorreu na Rua Joaquim Gomes, Centro, Ipanema. Militares tomaram conhecimento atrav\u00e9s do servi\u00e7o 190 de que a v\u00edtima estava em via <a><\/a>p\u00fablica, na porta de casa, quando um ve\u00edculo Peugeot, de cor preta ocupado por cerca de 02 pessoas teriam chegado ao local e efetuado disparos de arma de fogo contra a v\u00edtima.<\/p>\n\n\n\n<p>Ap\u00f3s o crime os autores evadiram no referido ve\u00edculo e logo ap\u00f3s atearam fogo nele e evadiram a p\u00e9.<\/p>\n\n\n\n<p>De forma r\u00e1pida a Pol\u00edcia Militar prendeu um dos autores, por\u00e9m, o segundo autor conseguiu fugir, ap\u00f3s saltar do terceiro andar, caindo no telhado da casa vizinha e tomando rumo ignorado pelos fundos.<\/p>\n\n\n\n<p>As equipes realizaram dilig\u00eancias no sentido de localiza-lo.<\/p>\n\n\n\n<p>Dando continuidade nas dilig\u00eancias, os militares foram at\u00e9 o local onde os autores estavam, onde aprenderam 02 menores, de 16 e 17 anos pelo crime de tr\u00e1fico de drogas.<\/p>\n\n\n\n<p>Na casa onde eles estavam foi encontrado:<\/p>\n\n\n\n<p>&#8211; 01 aparelho celular<\/p>\n\n\n\n<p>&#8211; 02 por\u00e7\u00f5es de coca\u00edna<\/p>\n\n\n\n<p>&#8211; Diversas sacolas para embalar a droga<\/p>\n\n\n\n<p>&#8211; R$ 600,00 em dinheiro.<\/p>\n\n\n\n<p>Todos os autores e v\u00edtima possuem diversas passagens por envolvimento em crimes, bem como den\u00fancias por envolvimento com o tr\u00e1fico il\u00edcito de drogas.<\/p>\n\n\n\n<p>Informa\u00e7\u00f5es apuradas d\u00e3o conta que a motiva\u00e7\u00e3o do crime seria em virtude de tr\u00e1fico de drogas.<\/p>\n\n\n\n<p>Equipes da Pol\u00edcia Militar est\u00e3o em dilig\u00eancias com o intuito de localizar e prender o segundo autor do homic\u00eddio.<\/p>\n","protected":false},"excerpt":{"rendered":"<p>Na noite do \u00faltimo domingo, 11 de agosto de 2024,por volta das 20h, a Pol\u00edcia Militar em Ipanema, prendeu um autor de homic\u00eddio consumado, de 22 anos, que ceifou a vida de uma v\u00edtima do sexo masculino, de 27 anos. O fato ocorreu na Rua Joaquim Gomes, Centro, Ipanema. Militares tomaram conhecimento atrav\u00e9s do servi\u00e7o [&hellip;]<\/p>\n","protected":false},"author":2,"featured_media":1207,"comment_status":"open","ping_status":"open","sticky":false,"template":"","format":"standard","meta":{"footnotes":""},"categories":[5],"tags":[],"class_list":["post-1206","post","type-post","status-publish","format-standard","has-post-thumbnail","hentry","category-noticias"],"wpmagazine_modules_lite_featured_media_urls":{"thumbnail":["https:\/\/radioclubedeinhapim.com.br\/wp-content\/uploads\/2024\/08\/Copia-de-Inserir-um-subtitulo-2024-08-12T091518.820-150x150.jpg",150,150,true],"cvmm-medium":["https:\/\/radioclubedeinhapim.com.br\/wp-content\/uploads\/2024\/08\/Copia-de-Inserir-um-subtitulo-2024-08-12T091518.820-300x300.jpg",300,300,true],"cvmm-medium-plus":["https:\/\/radioclubedeinhapim.com.br\/wp-content\/uploads\/2024\/08\/Copia-de-Inserir-um-subtitulo-2024-08-12T091518.820-305x207.jpg",305,207,true],"cvmm-portrait":["https:\/\/radioclubedeinhapim.com.br\/wp-content\/uploads\/2024\/08\/Copia-de-Inserir-um-subtitulo-2024-08-12T091518.820-400x600.jpg",400,600,true],"cvmm-medium-square":["https:\/\/radioclubedeinhapim.com.br\/wp-content\/uploads\/2024\/08\/Copia-de-Inserir-um-subtitulo-2024-08-12T091518.820-600x600.jpg",600,600,true],"cvmm-large":["https:\/\/radioclubedeinhapim.com.br\/wp-content\/uploads\/2024\/08\/Copia-de-Inserir-um-subtitulo-2024-08-12T091518.820-1024x1024.jpg",1024,1024,true],"cvmm-small":["https:\/\/radioclubedeinhapim.com.br\/wp-content\/uploads\/2024\/08\/Copia-de-Inserir-um-subtitulo-2024-08-12T091518.820-130x95.jpg",130,95,true],"full":["https:\/\/radioclubedeinhapim.com.br\/wp-content\/uploads\/2024\/08\/Copia-de-Inserir-um-subtitulo-2024-08-12T091518.820.jpg",1080,1080,false]},"categories_names":{"5":{"name":"Not\u00edcias","link":"https:\/\/radioclubedeinhapim.com.br\/index.php\/category\/noticias\/"}},"tags_names":[],"comments_number":"0","_links":{"self":[{"href":"https:\/\/radioclubedeinhapim.com.br\/index.php\/wp-json\/wp\/v2\/posts\/1206","targetHints":{"allow":["GET"]}}],"collection":[{"href":"https:\/\/radioclubedeinhapim.com.br\/index.php\/wp-json\/wp\/v2\/posts"}],"about":[{"href":"https:\/\/radioclubedeinhapim.com.br\/index.php\/wp-json\/wp\/v2\/types\/post"}],"author":[{"embeddable":true,"href":"https:\/\/radioclubedeinhapim.com.br\/index.php\/wp-json\/wp\/v2\/users\/2"}],"replies":[{"embeddable":true,"href":"https:\/\/radioclubedeinhapim.com.br\/index.php\/wp-json\/wp\/v2\/comments?post=1206"}],"version-history":[{"count":1,"href":"https:\/\/radioclubedeinhapim.com.br\/index.php\/wp-json\/wp\/v2\/posts\/1206\/revisions"}],"predecessor-version":[{"id":1208,"href":"https:\/\/radioclubedeinhapim.com.br\/index.php\/wp-json\/wp\/v2\/posts\/1206\/revisions\/1208"}],"wp:featuredmedia":[{"embeddable":true,"href":"https:\/\/radioclubedeinhapim.com.br\/index.php\/wp-json\/wp\/v2\/media\/1207"}],"wp:attachment":[{"href":"https:\/\/radioclubedeinhapim.com.br\/index.php\/wp-json\/wp\/v2\/media?parent=1206"}],"wp:term":[{"taxonomy":"category","embeddable":true,"href":"https:\/\/radioclubedeinhapim.com.br\/index.php\/wp-json\/wp\/v2\/categories?post=1206"},{"taxonomy":"post_tag","embeddable":true,"href":"https:\/\/radioclubedeinhapim.com.br\/index.php\/wp-json\/wp\/v2\/tags?post=1206"}],"curies":[{"name":"wp","href":"https:\/\/api.w.org\/{rel}","templated":true}]}}