{"id":1299,"date":"2024-08-14T11:14:41","date_gmt":"2024-08-14T14:14:41","guid":{"rendered":"https:\/\/radioclubedeinhapim.com.br\/?p=1299"},"modified":"2024-08-14T11:14:41","modified_gmt":"2024-08-14T14:14:41","slug":"fundador-do-orkut-planeja-retorno-de-rede-social-com-executivos-de-sp","status":"publish","type":"post","link":"https:\/\/radioclubedeinhapim.com.br\/index.php\/2024\/08\/14\/fundador-do-orkut-planeja-retorno-de-rede-social-com-executivos-de-sp\/","title":{"rendered":"Fundador do Orkut planeja retorno de rede social com executivos de SP"},"content":{"rendered":"\n<p>O Orkut, famosa rede social do Google nos anos 2000, esteve entre os assuntos mais comentados no X na \u00faltima segunda-feira (12) depois que usu\u00e1rios brasileiros passaram a relembrar sobre como as comunidades dentro no site, tradicionais f\u00f3runs de discuss\u00e3o, conseguiam unir pessoas.<\/p>\n\n\n\n<p>Na \u00e9poca, algumas delas tinham apenas uma boa piada de duplo sentido enquanto outras movimentavam milh\u00f5es de usu\u00e1rios. Uma das mais famosas era &#8220;Eu Odeio Acordar Cedo&#8221; com 6.106.958 membros e &#8220;Eu amo minha M\u00c3E!&#8221;, com 4.571.629 integrantes.<\/p>\n\n\n\n<p>&#8220;No Orkut as pessoas eram unidas por ideais comuns se eu fizesse uma comunidade &#8216;Eu odeio cal\u00e7a saruel&#8217; n\u00e3o ia vir um usu\u00e1rio de cal\u00e7a saruel encher o saco porque ele estaria ocupado na comunidade &#8216;Eu amo cal\u00e7a saruel&#8217;. A gente poderia amar e odiar coisas em paz&#8221;, escreveu uma pessoa no X. A publica\u00e7\u00e3o alcan\u00e7ou 2 milh\u00f5es de visualiza\u00e7\u00f5es e centenas de coment\u00e1rios.<\/p>\n\n\n\n<p>E o fundador da rede social, o engenheiro turco Orkut Buyukkokten, acompanhou justamente do Brasil o momento em que seu antigo site voltou a ser mencionado pelos brasileiros. Ele est\u00e1 no pa\u00eds para participar do &#8220;Rio Innovation Week&#8221; nesta quarta-feira (14).<\/p>\n\n\n\n<p>O engenheiro ressaltou que pretende retornar com o Orkut em breve e que, al\u00e9m de profissionais do Vale do Sil\u00edcio, deve recrutar executivos de S\u00e3o Paulo, cidade que diz ter um carinho especial.<\/p>\n\n\n\n<p>O fundador n\u00e3o quis falar a data exata para esse retorno, apenas que est\u00e1 sendo estudado para ser breve. O site oficial do Orkut, extinto em 2014, est\u00e1 reativado desde 2022 com uma mensagem em ingl\u00eas e portugu\u00eas avisando que algo novo estava sendo constru\u00eddo (veja abaixo).<\/p>\n\n\n\n<p>O an\u00fancio, na \u00e9poca, foi feito dois dias depois que Elon Musk fechou um acordo para comprar o antigo Twitter por US$ 44 bilh\u00f5es. A compra dividiu a opini\u00e3o dos internautas e muito deles passaram a pedir a volta do Orkut.<\/p>\n\n\n\n<p>Ainda conforme o engenheiro, a cria\u00e7\u00e3o da extinta rede social foi com o objetivo de posicionar comunidades e unir as pessoas. Na \u00e9poca, o site conquistou 300 milh\u00f5es de usu\u00e1rios ao redor do mundo.<\/p>\n","protected":false},"excerpt":{"rendered":"<p>O Orkut, famosa rede social do Google nos anos 2000, esteve entre os assuntos mais comentados no X na \u00faltima segunda-feira (12) depois que usu\u00e1rios brasileiros passaram a relembrar sobre como as comunidades dentro no site, tradicionais f\u00f3runs de discuss\u00e3o, conseguiam unir pessoas. Na \u00e9poca, algumas delas tinham apenas uma boa piada de duplo sentido [&hellip;]<\/p>\n","protected":false},"author":2,"featured_media":1300,"comment_status":"open","ping_status":"open","sticky":false,"template":"","format":"standard","meta":{"footnotes":""},"categories":[5],"tags":[],"class_list":["post-1299","post","type-post","status-publish","format-standard","has-post-thumbnail","hentry","category-noticias"],"wpmagazine_modules_lite_featured_media_urls":{"thumbnail":["https:\/\/radioclubedeinhapim.com.br\/wp-content\/uploads\/2024\/08\/5-150x150.jpg",150,150,true],"cvmm-medium":["https:\/\/radioclubedeinhapim.com.br\/wp-content\/uploads\/2024\/08\/5-300x300.jpg",300,300,true],"cvmm-medium-plus":["https:\/\/radioclubedeinhapim.com.br\/wp-content\/uploads\/2024\/08\/5-305x207.jpg",305,207,true],"cvmm-portrait":["https:\/\/radioclubedeinhapim.com.br\/wp-content\/uploads\/2024\/08\/5-400x600.jpg",400,600,true],"cvmm-medium-square":["https:\/\/radioclubedeinhapim.com.br\/wp-content\/uploads\/2024\/08\/5-600x600.jpg",600,600,true],"cvmm-large":["https:\/\/radioclubedeinhapim.com.br\/wp-content\/uploads\/2024\/08\/5-1024x1024.jpg",1024,1024,true],"cvmm-small":["https:\/\/radioclubedeinhapim.com.br\/wp-content\/uploads\/2024\/08\/5-130x95.jpg",130,95,true],"full":["https:\/\/radioclubedeinhapim.com.br\/wp-content\/uploads\/2024\/08\/5.jpg",1080,1080,false]},"categories_names":{"5":{"name":"Not\u00edcias","link":"https:\/\/radioclubedeinhapim.com.br\/index.php\/category\/noticias\/"}},"tags_names":[],"comments_number":"0","_links":{"self":[{"href":"https:\/\/radioclubedeinhapim.com.br\/index.php\/wp-json\/wp\/v2\/posts\/1299","targetHints":{"allow":["GET"]}}],"collection":[{"href":"https:\/\/radioclubedeinhapim.com.br\/index.php\/wp-json\/wp\/v2\/posts"}],"about":[{"href":"https:\/\/radioclubedeinhapim.com.br\/index.php\/wp-json\/wp\/v2\/types\/post"}],"author":[{"embeddable":true,"href":"https:\/\/radioclubedeinhapim.com.br\/index.php\/wp-json\/wp\/v2\/users\/2"}],"replies":[{"embeddable":true,"href":"https:\/\/radioclubedeinhapim.com.br\/index.php\/wp-json\/wp\/v2\/comments?post=1299"}],"version-history":[{"count":1,"href":"https:\/\/radioclubedeinhapim.com.br\/index.php\/wp-json\/wp\/v2\/posts\/1299\/revisions"}],"predecessor-version":[{"id":1301,"href":"https:\/\/radioclubedeinhapim.com.br\/index.php\/wp-json\/wp\/v2\/posts\/1299\/revisions\/1301"}],"wp:featuredmedia":[{"embeddable":true,"href":"https:\/\/radioclubedeinhapim.com.br\/index.php\/wp-json\/wp\/v2\/media\/1300"}],"wp:attachment":[{"href":"https:\/\/radioclubedeinhapim.com.br\/index.php\/wp-json\/wp\/v2\/media?parent=1299"}],"wp:term":[{"taxonomy":"category","embeddable":true,"href":"https:\/\/radioclubedeinhapim.com.br\/index.php\/wp-json\/wp\/v2\/categories?post=1299"},{"taxonomy":"post_tag","embeddable":true,"href":"https:\/\/radioclubedeinhapim.com.br\/index.php\/wp-json\/wp\/v2\/tags?post=1299"}],"curies":[{"name":"wp","href":"https:\/\/api.w.org\/{rel}","templated":true}]}}