{"id":1387,"date":"2024-08-23T10:44:05","date_gmt":"2024-08-23T13:44:05","guid":{"rendered":"https:\/\/radioclubedeinhapim.com.br\/?p=1387"},"modified":"2024-08-23T10:44:05","modified_gmt":"2024-08-23T13:44:05","slug":"ze-neto-dupla-de-cristiano-cancela-shows-por-90-dias-para-tratar-depressao","status":"publish","type":"post","link":"https:\/\/radioclubedeinhapim.com.br\/index.php\/2024\/08\/23\/ze-neto-dupla-de-cristiano-cancela-shows-por-90-dias-para-tratar-depressao\/","title":{"rendered":"Z\u00e9 Neto, dupla de Cristiano, cancela shows por 90 dias para tratar depress\u00e3o"},"content":{"rendered":"\n<p>A dupla Z\u00e9 Neto &amp; Cristiano anunciou, nesta quinta-feira (22), que vai suspender a agenda de apresenta\u00e7\u00f5es pelos pr\u00f3ximos 90 dias. De acordo com o comunicado, Z\u00e9 Neto ter\u00e1 que passar por um tratamento para depress\u00e3o e s\u00edndrome do p\u00e2nico e n\u00e3o poder\u00e1 fazer as apresenta\u00e7\u00f5es.<\/p>\n\n\n\n<p>Os sertanejos se apresentariam na Festa do Pe\u00e3o de Barretos, no interior paulista, nesta sexta-feira (23), e n\u00e3o poder\u00e3o cumprir <a><\/a>com o show. \u201cAgradecemos o carinho e compreens\u00e3o de todos. Como voc\u00eas, estamos todos em ora\u00e7\u00e3o para a plena recupera\u00e7\u00e3o de nosso Z\u00e9 Neto\u201d, disse o an\u00fancio.<\/p>\n\n\n\n<p>O cantor havia sido diagnosticado com pneumonia bacteriana no fim de julho, quando tamb\u00e9m precisou se afastar dos palcos. Nove apresenta\u00e7\u00f5es da dupla foram canceladas.<\/p>\n\n\n\n<p>Em 2021, ele foi diagnosticado com uma doen\u00e7a respirat\u00f3ria atribu\u00edda pelo artista ao uso do cigarro eletr\u00f4nico. J\u00e1 em 2023, o sertanejo sofreu uma les\u00e3o pulmonar em um acidente de carro.<\/p>\n\n\n\n<p>Seguidores se sensibilizaram e desejaram melhoras ao cantor. \u201cFique bem, Z\u00e9. Saiba que estaremos com voc\u00eas sempre\u201d, afirmou uma internauta; \u201cmeu cora\u00e7\u00e3o est\u00e1 pequenininho. Se cuidem!\u201d, disse mais um; e \u201cmelhoras, meu amor! Amo voc\u00eas mais que tudo\u201d, comentou outro.<\/p>\n","protected":false},"excerpt":{"rendered":"<p>A dupla Z\u00e9 Neto &amp; Cristiano anunciou, nesta quinta-feira (22), que vai suspender a agenda de apresenta\u00e7\u00f5es pelos pr\u00f3ximos 90 dias. De acordo com o comunicado, Z\u00e9 Neto ter\u00e1 que passar por um tratamento para depress\u00e3o e s\u00edndrome do p\u00e2nico e n\u00e3o poder\u00e1 fazer as apresenta\u00e7\u00f5es. Os sertanejos se apresentariam na Festa do Pe\u00e3o de [&hellip;]<\/p>\n","protected":false},"author":2,"featured_media":1388,"comment_status":"open","ping_status":"open","sticky":false,"template":"","format":"standard","meta":{"footnotes":""},"categories":[5],"tags":[],"class_list":["post-1387","post","type-post","status-publish","format-standard","has-post-thumbnail","hentry","category-noticias"],"wpmagazine_modules_lite_featured_media_urls":{"thumbnail":["https:\/\/radioclubedeinhapim.com.br\/wp-content\/uploads\/2024\/08\/Copia-de-Inserir-um-subtitulo-2024-08-23T104524.491-150x150.jpg",150,150,true],"cvmm-medium":["https:\/\/radioclubedeinhapim.com.br\/wp-content\/uploads\/2024\/08\/Copia-de-Inserir-um-subtitulo-2024-08-23T104524.491-300x300.jpg",300,300,true],"cvmm-medium-plus":["https:\/\/radioclubedeinhapim.com.br\/wp-content\/uploads\/2024\/08\/Copia-de-Inserir-um-subtitulo-2024-08-23T104524.491-305x207.jpg",305,207,true],"cvmm-portrait":["https:\/\/radioclubedeinhapim.com.br\/wp-content\/uploads\/2024\/08\/Copia-de-Inserir-um-subtitulo-2024-08-23T104524.491-400x600.jpg",400,600,true],"cvmm-medium-square":["https:\/\/radioclubedeinhapim.com.br\/wp-content\/uploads\/2024\/08\/Copia-de-Inserir-um-subtitulo-2024-08-23T104524.491-600x600.jpg",600,600,true],"cvmm-large":["https:\/\/radioclubedeinhapim.com.br\/wp-content\/uploads\/2024\/08\/Copia-de-Inserir-um-subtitulo-2024-08-23T104524.491-1024x1024.jpg",1024,1024,true],"cvmm-small":["https:\/\/radioclubedeinhapim.com.br\/wp-content\/uploads\/2024\/08\/Copia-de-Inserir-um-subtitulo-2024-08-23T104524.491-130x95.jpg",130,95,true],"full":["https:\/\/radioclubedeinhapim.com.br\/wp-content\/uploads\/2024\/08\/Copia-de-Inserir-um-subtitulo-2024-08-23T104524.491.jpg",1080,1080,false]},"categories_names":{"5":{"name":"Not\u00edcias","link":"https:\/\/radioclubedeinhapim.com.br\/index.php\/category\/noticias\/"}},"tags_names":[],"comments_number":"0","_links":{"self":[{"href":"https:\/\/radioclubedeinhapim.com.br\/index.php\/wp-json\/wp\/v2\/posts\/1387","targetHints":{"allow":["GET"]}}],"collection":[{"href":"https:\/\/radioclubedeinhapim.com.br\/index.php\/wp-json\/wp\/v2\/posts"}],"about":[{"href":"https:\/\/radioclubedeinhapim.com.br\/index.php\/wp-json\/wp\/v2\/types\/post"}],"author":[{"embeddable":true,"href":"https:\/\/radioclubedeinhapim.com.br\/index.php\/wp-json\/wp\/v2\/users\/2"}],"replies":[{"embeddable":true,"href":"https:\/\/radioclubedeinhapim.com.br\/index.php\/wp-json\/wp\/v2\/comments?post=1387"}],"version-history":[{"count":1,"href":"https:\/\/radioclubedeinhapim.com.br\/index.php\/wp-json\/wp\/v2\/posts\/1387\/revisions"}],"predecessor-version":[{"id":1389,"href":"https:\/\/radioclubedeinhapim.com.br\/index.php\/wp-json\/wp\/v2\/posts\/1387\/revisions\/1389"}],"wp:featuredmedia":[{"embeddable":true,"href":"https:\/\/radioclubedeinhapim.com.br\/index.php\/wp-json\/wp\/v2\/media\/1388"}],"wp:attachment":[{"href":"https:\/\/radioclubedeinhapim.com.br\/index.php\/wp-json\/wp\/v2\/media?parent=1387"}],"wp:term":[{"taxonomy":"category","embeddable":true,"href":"https:\/\/radioclubedeinhapim.com.br\/index.php\/wp-json\/wp\/v2\/categories?post=1387"},{"taxonomy":"post_tag","embeddable":true,"href":"https:\/\/radioclubedeinhapim.com.br\/index.php\/wp-json\/wp\/v2\/tags?post=1387"}],"curies":[{"name":"wp","href":"https:\/\/api.w.org\/{rel}","templated":true}]}}