{"id":1424,"date":"2024-08-26T11:08:08","date_gmt":"2024-08-26T14:08:08","guid":{"rendered":"https:\/\/radioclubedeinhapim.com.br\/?p=1424"},"modified":"2024-08-26T11:08:08","modified_gmt":"2024-08-26T14:08:08","slug":"policia-militar-prende-homem-e-apreende-menor-por-tentativa-de-homicidio-em-raul-soares","status":"publish","type":"post","link":"https:\/\/radioclubedeinhapim.com.br\/index.php\/2024\/08\/26\/policia-militar-prende-homem-e-apreende-menor-por-tentativa-de-homicidio-em-raul-soares\/","title":{"rendered":"POL\u00cdCIA MILITAR PRENDE HOMEM E APREENDE MENOR POR TENTATIVA DE HOMIC\u00cdDIO EM RAUL SOARES"},"content":{"rendered":"\n<p>Na madrugada de ontem, 25 de agosto de 2024, a Pol\u00edcia Militar de Minas Gerais, por meio do Pelot\u00e3o de Raul Soares, foi acionada por uma den\u00fancia an\u00f4nima via 190, relatando que um homem estava ferido e desmaiado na Rua Jos\u00e9 Miranda, na Vila do Asilo.<\/p>\n\n\n\n<p><a href=\"https:\/\/www.facebook.com\/share\/v\/D59hTwDbD44tEQbL\/\" data-type=\"link\" data-id=\"https:\/\/www.facebook.com\/share\/v\/D59hTwDbD44tEQbL\/\">ASSITA O V\u00cdDEO<\/a><\/p>\n\n\n\n<p>Uma equipe Policial Militar chegou rapidamente ao local e encontrou a v\u00edtima, um homem de 39 anos, desacordado com um ferimento na cabe\u00e7a e <a><\/a>sangramento, mas com sinais vitais.<\/p>\n\n\n\n<p>Os militares imediatamente acionaram o SAMU, que transportou a v\u00edtima para o hospital local. Devido \u00e0 gravidade dos ferimentos, a v\u00edtima foi transferida para o Hospital Arnaldo Gavazza em Ponte Nova, com suspeita de traumatismo craniano e fraturas em membros inferiores.<\/p>\n\n\n\n<p>Durante o atendimento, os policiais militares iniciaram um rastreamento para identificar os respons\u00e1veis pela agress\u00e3o.<\/p>\n\n\n\n<p>Com base nas informa\u00e7\u00f5es levantadas, os militares conseguiram prender o autor, um homem de 29 anos, e apreender um menor de 17 anos, ambos confessando sua participa\u00e7\u00e3o no crime.<\/p>\n\n\n\n<p>Eles alegaram que a motiva\u00e7\u00e3o para o cometimento do crime teria sido porque o menor de 17 anos e a v\u00edtima de 39 anos mantiveram relacionamento com a mesma pessoa no passado.<\/p>\n\n\n\n<p>Al\u00e9m da v\u00edtima de 39 anos, o irm\u00e3o dela, um homem de 36 anos, tamb\u00e9m foi agredido, mas conseguiu fugir e n\u00e3o retornou ao local por medo. Ele relatou que as agress\u00f5es foram realizadas com peda\u00e7os de pau e pedras.<\/p>\n\n\n\n<p>Os infratores foram conduzidos \u00e0 Delegacia de Pol\u00edcia Civil em Caratinga, onde foram autuados em flagrante.<\/p>\n","protected":false},"excerpt":{"rendered":"<p>Na madrugada de ontem, 25 de agosto de 2024, a Pol\u00edcia Militar de Minas Gerais, por meio do Pelot\u00e3o de Raul Soares, foi acionada por uma den\u00fancia an\u00f4nima via 190, relatando que um homem estava ferido e desmaiado na Rua Jos\u00e9 Miranda, na Vila do Asilo. ASSITA O V\u00cdDEO Uma equipe Policial Militar chegou rapidamente [&hellip;]<\/p>\n","protected":false},"author":2,"featured_media":1409,"comment_status":"open","ping_status":"open","sticky":false,"template":"","format":"standard","meta":{"footnotes":""},"categories":[5],"tags":[],"class_list":["post-1424","post","type-post","status-publish","format-standard","has-post-thumbnail","hentry","category-noticias"],"wpmagazine_modules_lite_featured_media_urls":{"thumbnail":["https:\/\/radioclubedeinhapim.com.br\/wp-content\/uploads\/2024\/08\/Copia-de-Inserir-um-subtitulo-2024-08-26T095613.957-150x150.jpg",150,150,true],"cvmm-medium":["https:\/\/radioclubedeinhapim.com.br\/wp-content\/uploads\/2024\/08\/Copia-de-Inserir-um-subtitulo-2024-08-26T095613.957-300x300.jpg",300,300,true],"cvmm-medium-plus":["https:\/\/radioclubedeinhapim.com.br\/wp-content\/uploads\/2024\/08\/Copia-de-Inserir-um-subtitulo-2024-08-26T095613.957-305x207.jpg",305,207,true],"cvmm-portrait":["https:\/\/radioclubedeinhapim.com.br\/wp-content\/uploads\/2024\/08\/Copia-de-Inserir-um-subtitulo-2024-08-26T095613.957-400x600.jpg",400,600,true],"cvmm-medium-square":["https:\/\/radioclubedeinhapim.com.br\/wp-content\/uploads\/2024\/08\/Copia-de-Inserir-um-subtitulo-2024-08-26T095613.957-600x600.jpg",600,600,true],"cvmm-large":["https:\/\/radioclubedeinhapim.com.br\/wp-content\/uploads\/2024\/08\/Copia-de-Inserir-um-subtitulo-2024-08-26T095613.957-1024x1024.jpg",1024,1024,true],"cvmm-small":["https:\/\/radioclubedeinhapim.com.br\/wp-content\/uploads\/2024\/08\/Copia-de-Inserir-um-subtitulo-2024-08-26T095613.957-130x95.jpg",130,95,true],"full":["https:\/\/radioclubedeinhapim.com.br\/wp-content\/uploads\/2024\/08\/Copia-de-Inserir-um-subtitulo-2024-08-26T095613.957.jpg",1080,1080,false]},"categories_names":{"5":{"name":"Not\u00edcias","link":"https:\/\/radioclubedeinhapim.com.br\/index.php\/category\/noticias\/"}},"tags_names":[],"comments_number":"0","_links":{"self":[{"href":"https:\/\/radioclubedeinhapim.com.br\/index.php\/wp-json\/wp\/v2\/posts\/1424","targetHints":{"allow":["GET"]}}],"collection":[{"href":"https:\/\/radioclubedeinhapim.com.br\/index.php\/wp-json\/wp\/v2\/posts"}],"about":[{"href":"https:\/\/radioclubedeinhapim.com.br\/index.php\/wp-json\/wp\/v2\/types\/post"}],"author":[{"embeddable":true,"href":"https:\/\/radioclubedeinhapim.com.br\/index.php\/wp-json\/wp\/v2\/users\/2"}],"replies":[{"embeddable":true,"href":"https:\/\/radioclubedeinhapim.com.br\/index.php\/wp-json\/wp\/v2\/comments?post=1424"}],"version-history":[{"count":1,"href":"https:\/\/radioclubedeinhapim.com.br\/index.php\/wp-json\/wp\/v2\/posts\/1424\/revisions"}],"predecessor-version":[{"id":1425,"href":"https:\/\/radioclubedeinhapim.com.br\/index.php\/wp-json\/wp\/v2\/posts\/1424\/revisions\/1425"}],"wp:featuredmedia":[{"embeddable":true,"href":"https:\/\/radioclubedeinhapim.com.br\/index.php\/wp-json\/wp\/v2\/media\/1409"}],"wp:attachment":[{"href":"https:\/\/radioclubedeinhapim.com.br\/index.php\/wp-json\/wp\/v2\/media?parent=1424"}],"wp:term":[{"taxonomy":"category","embeddable":true,"href":"https:\/\/radioclubedeinhapim.com.br\/index.php\/wp-json\/wp\/v2\/categories?post=1424"},{"taxonomy":"post_tag","embeddable":true,"href":"https:\/\/radioclubedeinhapim.com.br\/index.php\/wp-json\/wp\/v2\/tags?post=1424"}],"curies":[{"name":"wp","href":"https:\/\/api.w.org\/{rel}","templated":true}]}}