{"id":145,"date":"2024-06-19T12:39:23","date_gmt":"2024-06-19T12:39:23","guid":{"rendered":"https:\/\/radioclubedeinhapim.com.br\/?p=145"},"modified":"2024-06-19T13:25:00","modified_gmt":"2024-06-19T13:25:00","slug":"e-possivel-se-aposentar-aos-55-anos-veja-quem-pode-solicitar-o-beneficio","status":"publish","type":"post","link":"https:\/\/radioclubedeinhapim.com.br\/index.php\/2024\/06\/19\/e-possivel-se-aposentar-aos-55-anos-veja-quem-pode-solicitar-o-beneficio\/","title":{"rendered":"\u00c9 poss\u00edvel se aposentar aos 55 anos? Veja quem pode solicitar o benef\u00edcio."},"content":{"rendered":"\n<figure class=\"wp-block-image size-full\"><img fetchpriority=\"high\" decoding=\"async\" width=\"900\" height=\"506\" src=\"https:\/\/radioclubedeinhapim.com.br\/wp-content\/uploads\/2024\/06\/preidencia.webp\" alt=\"\" class=\"wp-image-146\" srcset=\"https:\/\/radioclubedeinhapim.com.br\/wp-content\/uploads\/2024\/06\/preidencia.webp 900w, https:\/\/radioclubedeinhapim.com.br\/wp-content\/uploads\/2024\/06\/preidencia-300x169.webp 300w, https:\/\/radioclubedeinhapim.com.br\/wp-content\/uploads\/2024\/06\/preidencia-768x432.webp 768w\" sizes=\"(max-width: 900px) 100vw, 900px\" \/><\/figure>\n\n\n\n<p>A aposentadoria especial aos 55 anos j\u00e1 \u00e9 uma realidade no Brasil, e o objetivo do Projeto de Lei Complementar 42 \u00e9 fazer com que pessoas que trabalharam mais de 15 anos em condi\u00e7\u00f5es insalubres e prejudiciais \u00e0 sa\u00fade possam se aposentar at\u00e9 antes, aos 40. O projeto est\u00e1 em tramita\u00e7\u00e3o e ser\u00e1 avaliado pelas comiss\u00f5es especiais da C\u00e2mara dos Deputados antes de seguir para a vota\u00e7\u00e3o do Plen\u00e1rio.<\/p>\n\n\n\n<p>Quem pode se aposentar aos 55 anos?<br>Quem trabalha em condi\u00e7\u00f5es insalubres e prejudiciais \u00e0 sa\u00fade. A aposentadoria especial \u00e9 concedida \u00e0s pessoas que conseguem comprovar a exposi\u00e7\u00e3o a agentes nocivos durante 15, 20 ou 25 anos de trabalho e quanto mais danoso, menor o tempo.<\/p>\n\n\n\n<p>Pessoas expostas a situa\u00e7\u00f5es de risco ser\u00e3o beneficiadas. Os beneficiados s\u00e3o os trabalhadores que atuam em condi\u00e7\u00f5es especiais que prejudicam a sa\u00fade, incluindo aqueles expostos a agentes qu\u00edmicos, f\u00edsicos e biol\u00f3gicos, ou atividades consideradas perigosas. O projeto especifica tamb\u00e9m que s\u00e3o contemplados trabalhadores que lidam com explosivos, eletricidade, materiais ionizantes, subst\u00e2ncias radioativas e materiais inflam\u00e1veis, ambientes com ru\u00eddos ou calor excessivos, transporte de valores, al\u00e9m de vigil\u00e2ncia patrimonial ou pessoal, armada ou desarmada. Al\u00e9m desses, qualquer outro tipo de atividades consideradas perigosas podem ser contemplados pela aposentadoria especial\u2026 &#8211; Veja mais em https:\/\/economia.uol.com.br\/noticias\/redacao\/2024\/06\/18\/aposentadoria-condicoes-insalubres-solicitar-beneficio.htm?cmpid=copiaecola<\/p>\n","protected":false},"excerpt":{"rendered":"<p>A aposentadoria especial aos 55 anos j\u00e1 \u00e9 uma realidade no Brasil, e o objetivo do Projeto de Lei Complementar 42 \u00e9 fazer com que pessoas que trabalharam mais de 15 anos em condi\u00e7\u00f5es insalubres e prejudiciais \u00e0 sa\u00fade possam se aposentar at\u00e9 antes, aos 40. O projeto est\u00e1 em tramita\u00e7\u00e3o e ser\u00e1 avaliado pelas [&hellip;]<\/p>\n","protected":false},"author":1,"featured_media":146,"comment_status":"open","ping_status":"open","sticky":false,"template":"","format":"standard","meta":{"footnotes":""},"categories":[5],"tags":[],"class_list":["post-145","post","type-post","status-publish","format-standard","has-post-thumbnail","hentry","category-noticias"],"wpmagazine_modules_lite_featured_media_urls":{"thumbnail":["https:\/\/radioclubedeinhapim.com.br\/wp-content\/uploads\/2024\/06\/preidencia-150x150.webp",150,150,true],"cvmm-medium":["https:\/\/radioclubedeinhapim.com.br\/wp-content\/uploads\/2024\/06\/preidencia.webp",300,169,false],"cvmm-medium-plus":["https:\/\/radioclubedeinhapim.com.br\/wp-content\/uploads\/2024\/06\/preidencia.webp",305,171,false],"cvmm-portrait":["https:\/\/radioclubedeinhapim.com.br\/wp-content\/uploads\/2024\/06\/preidencia.webp",400,225,false],"cvmm-medium-square":["https:\/\/radioclubedeinhapim.com.br\/wp-content\/uploads\/2024\/06\/preidencia.webp",600,337,false],"cvmm-large":["https:\/\/radioclubedeinhapim.com.br\/wp-content\/uploads\/2024\/06\/preidencia.webp",900,506,false],"cvmm-small":["https:\/\/radioclubedeinhapim.com.br\/wp-content\/uploads\/2024\/06\/preidencia.webp",130,73,false],"full":["https:\/\/radioclubedeinhapim.com.br\/wp-content\/uploads\/2024\/06\/preidencia.webp",900,506,false]},"categories_names":{"5":{"name":"Not\u00edcias","link":"https:\/\/radioclubedeinhapim.com.br\/index.php\/category\/noticias\/"}},"tags_names":[],"comments_number":"0","_links":{"self":[{"href":"https:\/\/radioclubedeinhapim.com.br\/index.php\/wp-json\/wp\/v2\/posts\/145","targetHints":{"allow":["GET"]}}],"collection":[{"href":"https:\/\/radioclubedeinhapim.com.br\/index.php\/wp-json\/wp\/v2\/posts"}],"about":[{"href":"https:\/\/radioclubedeinhapim.com.br\/index.php\/wp-json\/wp\/v2\/types\/post"}],"author":[{"embeddable":true,"href":"https:\/\/radioclubedeinhapim.com.br\/index.php\/wp-json\/wp\/v2\/users\/1"}],"replies":[{"embeddable":true,"href":"https:\/\/radioclubedeinhapim.com.br\/index.php\/wp-json\/wp\/v2\/comments?post=145"}],"version-history":[{"count":1,"href":"https:\/\/radioclubedeinhapim.com.br\/index.php\/wp-json\/wp\/v2\/posts\/145\/revisions"}],"predecessor-version":[{"id":147,"href":"https:\/\/radioclubedeinhapim.com.br\/index.php\/wp-json\/wp\/v2\/posts\/145\/revisions\/147"}],"wp:featuredmedia":[{"embeddable":true,"href":"https:\/\/radioclubedeinhapim.com.br\/index.php\/wp-json\/wp\/v2\/media\/146"}],"wp:attachment":[{"href":"https:\/\/radioclubedeinhapim.com.br\/index.php\/wp-json\/wp\/v2\/media?parent=145"}],"wp:term":[{"taxonomy":"category","embeddable":true,"href":"https:\/\/radioclubedeinhapim.com.br\/index.php\/wp-json\/wp\/v2\/categories?post=145"},{"taxonomy":"post_tag","embeddable":true,"href":"https:\/\/radioclubedeinhapim.com.br\/index.php\/wp-json\/wp\/v2\/tags?post=145"}],"curies":[{"name":"wp","href":"https:\/\/api.w.org\/{rel}","templated":true}]}}