{"id":148,"date":"2024-06-19T12:44:32","date_gmt":"2024-06-19T12:44:32","guid":{"rendered":"https:\/\/radioclubedeinhapim.com.br\/?p=148"},"modified":"2024-06-19T13:24:37","modified_gmt":"2024-06-19T13:24:37","slug":"em-meio-a-criticas-de-lula-bc-deve-manter-hoje-a-taxa-selic-em-105","status":"publish","type":"post","link":"https:\/\/radioclubedeinhapim.com.br\/index.php\/2024\/06\/19\/em-meio-a-criticas-de-lula-bc-deve-manter-hoje-a-taxa-selic-em-105\/","title":{"rendered":"Em meio a cr\u00edticas de Lula, BC deve manter hoje a Taxa Selic em 10,5%"},"content":{"rendered":"\n<p>O Comit\u00ea de Pol\u00edtica Monet\u00e1ria (<a class=\"\" href=\"https:\/\/g1.globo.com\/tudo-sobre\/copom\/\">Copom<\/a>) do Banco Central (BC) se re\u00fane nesta quarta-feira (19) e&nbsp;<strong>deve interromper o ciclo de corte da taxa b\u00e1sica de juros<\/strong>, que vem desde agosto do ano passado,&nbsp;<a class=\"\" href=\"https:\/\/g1.globo.com\/economia\/noticia\/2024\/06\/17\/focus-mercado-financeiro-nao-projeta-mais-corte-de-juros-pelo-banco-central-nesta-semana.ghtml\">segundo a proje\u00e7\u00e3o de analistas do mercado financeiro.<\/a><\/p>\n\n\n\n<p>Se confirmada a manuten\u00e7\u00e3o da taxa Selic, ela permanecer\u00e1 em 10,50% ao ano, o&nbsp;<strong>menor n\u00edvel desde fevereiro de 2022<\/strong>, ou seja, em pouco mais de dois anos.&nbsp;<a class=\"\" href=\"https:\/\/g1.globo.com\/economia\/noticia\/2024\/05\/08\/brasil-continua-com-o-2o-maior-juro-real-do-mundo-apos-novo-corte-da-selic-veja-ranking.ghtml\">No atual patamar, a taxa brasileira \u00e9 alta na compara\u00e7\u00e3o internacional.<\/a><\/p>\n\n\n\n<p>A decis\u00e3o do Copom, formado pela diretoria e pelo presidente da institui\u00e7\u00e3o, Roberto Campos Neto, ser\u00e1 tomada em meio ao fogo cerrado do presidente&nbsp;<a class=\"\" href=\"https:\/\/g1.globo.com\/tudo-sobre\/luiz-inacio-lula-da-silva\/\">Luiz In\u00e1cio Lula da Silva<\/a>&nbsp;(PT) \u2014&nbsp;<a class=\"\" href=\"https:\/\/g1.globo.com\/politica\/noticia\/2024\/06\/18\/lula-concede-entrevista-a-cbn.ghtml\">que subiu o tom das cr\u00edticas ao tamanho da taxa de juros nos \u00faltimos dias.<\/a><\/p>\n\n\n\n<blockquote class=\"wp-block-quote is-layout-flow wp-block-quote-is-layout-flow\">\n<p><strong>&#8220;S\u00f3 temos uma coisa desajustada neste pa\u00eds: \u00e9 o comportamento do Banco Central. Essa \u00e9 uma coisa desajustada. Presidente que tem lado pol\u00edtico, que trabalha para prejudicar o pa\u00eds. N\u00e3o tem explica\u00e7\u00e3o a taxa de juros estar como est\u00e1&#8221;, declarou Lula nesta ter\u00e7a-feira (18).<\/strong>&#8220;<\/p>\n\n\n\n<p>Lula afirmou ainda que o Brasil n\u00e3o pode continuar com juros &#8220;proibitivos&#8221;, que inibam os investimentos produtivos, o crescimento do pa\u00eds e a gera\u00e7\u00e3o de empregos.<\/p>\n\n\n\n<ul class=\"wp-block-list\">\n<li>O BC tem de\u00a0<a class=\"\" href=\"https:\/\/g1.globo.com\/politica\/noticia\/2021\/02\/24\/bolsonaro-sanciona-lei-que-estabelece-a-autonomia-do-banco-central-veja-detalhes.ghtml\">autonomia em sua atua\u00e7\u00e3o<\/a>, sendo que o atual presidente,\u00a0<strong>Roberto Campos Neto, com mandato at\u00e9 o fim de 2024, foi indicado pelo ex-presidente Jair Bolsonaro (PL).<\/strong><\/li>\n\n\n\n<li>A institui\u00e7\u00e3o diz que seu papel,\u00a0<a class=\"\" href=\"https:\/\/g1.globo.com\/economia\/noticia\/2023\/04\/27\/campos-neto-diz-que-banco-central-define-taxa-de-juros-de-forma-tecnica-e-avalia-que-inflacao-continua-alta.ghtml\">na fixa\u00e7\u00e3o da taxa de juros, \u00e9 t\u00e9cnico, e busca conter a infla\u00e7\u00e3o.<\/a><\/li>\n\n\n\n<li>Campos Neto\u00a0<a class=\"\" href=\"https:\/\/g1.globo.com\/economia\/noticia\/2023\/04\/25\/sem-alta-de-juros-em-ano-eleitoral-brasil-poderia-ter-inflacao-de-10percent-em-2022-e-juros-de-1875percent-neste-ano-diz-presidente-do-bc.ghtml\">tem lembrado que o BC subiu os juros em 2022, ano eleitoral.<\/a>\u00a0Tamb\u00e9m avaliou\u00a0<a class=\"\" href=\"https:\/\/g1.globo.com\/economia\/noticia\/2023\/04\/27\/juro-e-alto-porque-a-divida-e-alta-e-nao-o-contrario-diz-presidente-do-banco-central.ghtml\">que os juros s\u00e3o altos no Brasil porque a d\u00edvida \u00e9 alta<\/a>. &#8220;A gente n\u00e3o pode confundir causa e efeito&#8221;, disse, em 2023.<\/li>\n\n\n\n<li><strong>Em seus documentos,\u00a0<\/strong><strong>o BC informa que um patamar mais alto de infla\u00e7\u00e3o prejudica, principalmente, a popula\u00e7\u00e3o de baixa renda.<\/strong><\/li>\n<\/ul>\n\n\n\n<p>Na \u00faltima semana, o&nbsp;<a class=\"\" href=\"https:\/\/g1.globo.com\/economia\/noticia\/2024\/06\/06\/lucro-dos-bancos-soma-r-145-bilhoes-em-2023-e-bate-recorde-revela-banco-central.ghtml\">Banco Central informou que o lucro l\u00edquido dos bancos subiu para R$ 144,2 bilh\u00f5es em 2023, e bateu novo recorde hist\u00f3rico.<\/a><\/p>\n\n\n\n<figure class=\"wp-block-image size-full\"><img fetchpriority=\"high\" decoding=\"async\" width=\"1008\" height=\"604\" src=\"https:\/\/radioclubedeinhapim.com.br\/wp-content\/uploads\/2024\/06\/foto-marcello-casal-agencia-brasil.avif\" alt=\"\" class=\"wp-image-149\"\/><\/figure>\n<\/blockquote>\n\n\n\n<h2 class=\"wp-block-heading\">Como as decis\u00f5es s\u00e3o tomadas<\/h2>\n\n\n\n<p>Para definir a taxa b\u00e1sica de juros e tentar conter a alta dos pre\u00e7os, no sistema de metas de infla\u00e7\u00e3o, o Banco Central olha para o futuro, e n\u00e3o para a infla\u00e7\u00e3o corrente, ou seja, dos \u00faltimos meses.<\/p>\n\n\n\n<p>Isso ocorre porque&nbsp;<strong>as mudan\u00e7as na taxa Selic demoram de seis a 18 meses para ter impacto pleno na economia.<\/strong>&nbsp;Neste momento, a institui\u00e7\u00e3o j\u00e1 est\u00e1 mirando na meta deste ano, e tamb\u00e9m para o segundo semestre de 2025 (em doze meses).<\/p>\n\n\n\n<ul class=\"wp-block-list\">\n<li>A meta de infla\u00e7\u00e3o deste ano, definida pelo Conselho Monet\u00e1rio Nacional (CMN), \u00e9 de 3% e ser\u00e1 considerada cumprida se oscilar entre 1,5% e 4,5%;<\/li>\n\n\n\n<li>A partir de 2025, o governo mudou o regime de metas de infla\u00e7\u00e3o, e a meta passou a ser cont\u00ednua em 3%, podendo oscilar entre 1,5% e 4,5% sem que seja descumprida;<\/li>\n\n\n\n<li>Na semana passada, os economistas do mercado financeiro\u00a0<a class=\"\" href=\"https:\/\/g1.globo.com\/economia\/noticia\/2024\/06\/17\/focus-mercado-financeiro-nao-projeta-mais-corte-de-juros-pelo-banco-central-nesta-semana.ghtml\">estimaram que a infla\u00e7\u00e3o de 2024 somar\u00e1 3,96% e, a de 2025, 3,80%.<\/a>\u00a0Ou seja, acima da meta central nos dois anos.<\/li>\n\n\n\n<li>As previs\u00f5es do mercado financeiro subiram rela\u00e7\u00e3o ao patamar vigente, por exemplo, h\u00e1 tr\u00eas meses atr\u00e1s.\u00a0<strong>No come\u00e7o de mar\u00e7o, a proje\u00e7\u00e3o dos analistas estava em 3,74% para a infla\u00e7\u00e3o de 2024 e em 3,50% para o IPCA do pr\u00f3ximo ano.<\/strong><\/li>\n\n\n\n<li>Em mar\u00e7o, o Banco Central estimou que as proje\u00e7\u00f5es de infla\u00e7\u00e3o do Copom em seu cen\u00e1rio de refer\u00eancia estavam em em 3,5% em 2024 e 3,2% em 2025. J\u00e1 no come\u00e7o de maio, o BC estimou uma infla\u00e7\u00e3o de 3,8% para 2024 e de 3,3% para 2025.<\/li>\n\n\n\n<li>Com isso, as proje\u00e7\u00f5es dos analistas, e tamb\u00e9m do BC, est\u00e3o se distanciando as metas centrais de infla\u00e7\u00e3o, fixadas pelo Conselho Monet\u00e1rio Nacional (CMN).<\/li>\n<\/ul>\n","protected":false},"excerpt":{"rendered":"<p>O Comit\u00ea de Pol\u00edtica Monet\u00e1ria (Copom) do Banco Central (BC) se re\u00fane nesta quarta-feira (19) e&nbsp;deve interromper o ciclo de corte da taxa b\u00e1sica de juros, que vem desde agosto do ano passado,&nbsp;segundo a proje\u00e7\u00e3o de analistas do mercado financeiro. Se confirmada a manuten\u00e7\u00e3o da taxa Selic, ela permanecer\u00e1 em 10,50% ao ano, o&nbsp;menor n\u00edvel [&hellip;]<\/p>\n","protected":false},"author":1,"featured_media":149,"comment_status":"open","ping_status":"open","sticky":false,"template":"","format":"standard","meta":{"footnotes":""},"categories":[5],"tags":[],"class_list":["post-148","post","type-post","status-publish","format-standard","has-post-thumbnail","hentry","category-noticias"],"wpmagazine_modules_lite_featured_media_urls":{"thumbnail":["https:\/\/radioclubedeinhapim.com.br\/wp-content\/uploads\/2024\/06\/foto-marcello-casal-agencia-brasil.avif",150,90,false],"cvmm-medium":["https:\/\/radioclubedeinhapim.com.br\/wp-content\/uploads\/2024\/06\/foto-marcello-casal-agencia-brasil.avif",300,180,false],"cvmm-medium-plus":["https:\/\/radioclubedeinhapim.com.br\/wp-content\/uploads\/2024\/06\/foto-marcello-casal-agencia-brasil.avif",305,183,false],"cvmm-portrait":["https:\/\/radioclubedeinhapim.com.br\/wp-content\/uploads\/2024\/06\/foto-marcello-casal-agencia-brasil.avif",400,240,false],"cvmm-medium-square":["https:\/\/radioclubedeinhapim.com.br\/wp-content\/uploads\/2024\/06\/foto-marcello-casal-agencia-brasil.avif",600,360,false],"cvmm-large":["https:\/\/radioclubedeinhapim.com.br\/wp-content\/uploads\/2024\/06\/foto-marcello-casal-agencia-brasil.avif",1008,604,false],"cvmm-small":["https:\/\/radioclubedeinhapim.com.br\/wp-content\/uploads\/2024\/06\/foto-marcello-casal-agencia-brasil.avif",130,78,false],"full":["https:\/\/radioclubedeinhapim.com.br\/wp-content\/uploads\/2024\/06\/foto-marcello-casal-agencia-brasil.avif",1008,604,false]},"categories_names":{"5":{"name":"Not\u00edcias","link":"https:\/\/radioclubedeinhapim.com.br\/index.php\/category\/noticias\/"}},"tags_names":[],"comments_number":"0","_links":{"self":[{"href":"https:\/\/radioclubedeinhapim.com.br\/index.php\/wp-json\/wp\/v2\/posts\/148","targetHints":{"allow":["GET"]}}],"collection":[{"href":"https:\/\/radioclubedeinhapim.com.br\/index.php\/wp-json\/wp\/v2\/posts"}],"about":[{"href":"https:\/\/radioclubedeinhapim.com.br\/index.php\/wp-json\/wp\/v2\/types\/post"}],"author":[{"embeddable":true,"href":"https:\/\/radioclubedeinhapim.com.br\/index.php\/wp-json\/wp\/v2\/users\/1"}],"replies":[{"embeddable":true,"href":"https:\/\/radioclubedeinhapim.com.br\/index.php\/wp-json\/wp\/v2\/comments?post=148"}],"version-history":[{"count":1,"href":"https:\/\/radioclubedeinhapim.com.br\/index.php\/wp-json\/wp\/v2\/posts\/148\/revisions"}],"predecessor-version":[{"id":150,"href":"https:\/\/radioclubedeinhapim.com.br\/index.php\/wp-json\/wp\/v2\/posts\/148\/revisions\/150"}],"wp:featuredmedia":[{"embeddable":true,"href":"https:\/\/radioclubedeinhapim.com.br\/index.php\/wp-json\/wp\/v2\/media\/149"}],"wp:attachment":[{"href":"https:\/\/radioclubedeinhapim.com.br\/index.php\/wp-json\/wp\/v2\/media?parent=148"}],"wp:term":[{"taxonomy":"category","embeddable":true,"href":"https:\/\/radioclubedeinhapim.com.br\/index.php\/wp-json\/wp\/v2\/categories?post=148"},{"taxonomy":"post_tag","embeddable":true,"href":"https:\/\/radioclubedeinhapim.com.br\/index.php\/wp-json\/wp\/v2\/tags?post=148"}],"curies":[{"name":"wp","href":"https:\/\/api.w.org\/{rel}","templated":true}]}}