{"id":1495,"date":"2024-08-29T10:17:37","date_gmt":"2024-08-29T13:17:37","guid":{"rendered":"https:\/\/radioclubedeinhapim.com.br\/?p=1495"},"modified":"2024-08-29T10:17:37","modified_gmt":"2024-08-29T13:17:37","slug":"homem-morre-apos-agressao-em-posto-de-combustiveis-em-governador-valadares","status":"publish","type":"post","link":"https:\/\/radioclubedeinhapim.com.br\/index.php\/2024\/08\/29\/homem-morre-apos-agressao-em-posto-de-combustiveis-em-governador-valadares\/","title":{"rendered":"Homem morre ap\u00f3s agress\u00e3o em posto de combust\u00edveis em Governador Valadares"},"content":{"rendered":"\n<p>Um homem de 50 anos morreu nesta quarta-feira (28) ap\u00f3s passar onze dias internado na UTI em decorr\u00eancia de uma agress\u00e3o brutal sofrida em um posto de combust\u00edveis em Governador Valadares.<\/p>\n\n\n\n<p>A v\u00edtima, Alexsandro Dias Cerqueira, foi agredida com socos e chutes na cabe\u00e7a por um empres\u00e1rio da \u00e1rea de Marketing Digital ap\u00f3s uma discuss\u00e3o no dia 18 de agosto.<\/p>\n\n\n\n<p>Toda <a><\/a>a confus\u00e3o foi registrada pelas c\u00e2meras de seguran\u00e7a do estabelecimento. As imagens mostram o agressor, identificado como um empres\u00e1rio de 35 anos, desferindo diversos golpes contra a v\u00edtima, que cai no ch\u00e3o e fica desacordada.<\/p>\n\n\n\n<p>Testemunhas relataram que a discuss\u00e3o teria come\u00e7ado ap\u00f3s Alexsandro abastecer seu carro e o agressor estar mexendo no calibrador de pneus. O empres\u00e1rio, que havia sido contratado por Alexsandro para um servi\u00e7o de marketing digital, alegou que n\u00e3o recebeu o valor combinado e por isso encerrou o servi\u00e7o.<\/p>\n\n\n\n<p>Ap\u00f3s a agress\u00e3o, o empres\u00e1rio procurou a Pol\u00edcia Militar para registrar uma queixa contra a v\u00edtima, mas acabou sendo preso. Ele foi conduzido para a delegacia, pagou fian\u00e7a e responde o inqu\u00e9rito em liberdade.<\/p>\n\n\n\n<p>Alexsandro sofreu uma les\u00e3o cerebral grave e precisou passar por uma cirurgia, onde foram constatadas m\u00faltiplas contus\u00f5es cerebrais. Infelizmente, ele n\u00e3o resistiu aos ferimentos e faleceu nesta quarta-feira.<\/p>\n","protected":false},"excerpt":{"rendered":"<p>Um homem de 50 anos morreu nesta quarta-feira (28) ap\u00f3s passar onze dias internado na UTI em decorr\u00eancia de uma agress\u00e3o brutal sofrida em um posto de combust\u00edveis em Governador Valadares. A v\u00edtima, Alexsandro Dias Cerqueira, foi agredida com socos e chutes na cabe\u00e7a por um empres\u00e1rio da \u00e1rea de Marketing Digital ap\u00f3s uma discuss\u00e3o [&hellip;]<\/p>\n","protected":false},"author":2,"featured_media":1452,"comment_status":"open","ping_status":"open","sticky":false,"template":"","format":"standard","meta":{"footnotes":""},"categories":[5],"tags":[],"class_list":["post-1495","post","type-post","status-publish","format-standard","has-post-thumbnail","hentry","category-noticias"],"wpmagazine_modules_lite_featured_media_urls":{"thumbnail":["https:\/\/radioclubedeinhapim.com.br\/wp-content\/uploads\/2024\/08\/Copia-de-Inserir-um-subtitulo-2024-08-29T100304.703-150x150.jpg",150,150,true],"cvmm-medium":["https:\/\/radioclubedeinhapim.com.br\/wp-content\/uploads\/2024\/08\/Copia-de-Inserir-um-subtitulo-2024-08-29T100304.703-300x300.jpg",300,300,true],"cvmm-medium-plus":["https:\/\/radioclubedeinhapim.com.br\/wp-content\/uploads\/2024\/08\/Copia-de-Inserir-um-subtitulo-2024-08-29T100304.703-305x207.jpg",305,207,true],"cvmm-portrait":["https:\/\/radioclubedeinhapim.com.br\/wp-content\/uploads\/2024\/08\/Copia-de-Inserir-um-subtitulo-2024-08-29T100304.703-400x600.jpg",400,600,true],"cvmm-medium-square":["https:\/\/radioclubedeinhapim.com.br\/wp-content\/uploads\/2024\/08\/Copia-de-Inserir-um-subtitulo-2024-08-29T100304.703-600x600.jpg",600,600,true],"cvmm-large":["https:\/\/radioclubedeinhapim.com.br\/wp-content\/uploads\/2024\/08\/Copia-de-Inserir-um-subtitulo-2024-08-29T100304.703-1024x1024.jpg",1024,1024,true],"cvmm-small":["https:\/\/radioclubedeinhapim.com.br\/wp-content\/uploads\/2024\/08\/Copia-de-Inserir-um-subtitulo-2024-08-29T100304.703-130x95.jpg",130,95,true],"full":["https:\/\/radioclubedeinhapim.com.br\/wp-content\/uploads\/2024\/08\/Copia-de-Inserir-um-subtitulo-2024-08-29T100304.703.jpg",1080,1080,false]},"categories_names":{"5":{"name":"Not\u00edcias","link":"https:\/\/radioclubedeinhapim.com.br\/index.php\/category\/noticias\/"}},"tags_names":[],"comments_number":"0","_links":{"self":[{"href":"https:\/\/radioclubedeinhapim.com.br\/index.php\/wp-json\/wp\/v2\/posts\/1495","targetHints":{"allow":["GET"]}}],"collection":[{"href":"https:\/\/radioclubedeinhapim.com.br\/index.php\/wp-json\/wp\/v2\/posts"}],"about":[{"href":"https:\/\/radioclubedeinhapim.com.br\/index.php\/wp-json\/wp\/v2\/types\/post"}],"author":[{"embeddable":true,"href":"https:\/\/radioclubedeinhapim.com.br\/index.php\/wp-json\/wp\/v2\/users\/2"}],"replies":[{"embeddable":true,"href":"https:\/\/radioclubedeinhapim.com.br\/index.php\/wp-json\/wp\/v2\/comments?post=1495"}],"version-history":[{"count":1,"href":"https:\/\/radioclubedeinhapim.com.br\/index.php\/wp-json\/wp\/v2\/posts\/1495\/revisions"}],"predecessor-version":[{"id":1496,"href":"https:\/\/radioclubedeinhapim.com.br\/index.php\/wp-json\/wp\/v2\/posts\/1495\/revisions\/1496"}],"wp:featuredmedia":[{"embeddable":true,"href":"https:\/\/radioclubedeinhapim.com.br\/index.php\/wp-json\/wp\/v2\/media\/1452"}],"wp:attachment":[{"href":"https:\/\/radioclubedeinhapim.com.br\/index.php\/wp-json\/wp\/v2\/media?parent=1495"}],"wp:term":[{"taxonomy":"category","embeddable":true,"href":"https:\/\/radioclubedeinhapim.com.br\/index.php\/wp-json\/wp\/v2\/categories?post=1495"},{"taxonomy":"post_tag","embeddable":true,"href":"https:\/\/radioclubedeinhapim.com.br\/index.php\/wp-json\/wp\/v2\/tags?post=1495"}],"curies":[{"name":"wp","href":"https:\/\/api.w.org\/{rel}","templated":true}]}}