{"id":1620,"date":"2024-09-07T15:19:22","date_gmt":"2024-09-07T18:19:22","guid":{"rendered":"https:\/\/radioclubedeinhapim.com.br\/?p=1620"},"modified":"2024-09-07T15:19:22","modified_gmt":"2024-09-07T18:19:22","slug":"policia-militar-prende-autor-de-trafico-ilicito-de-drogas-em-inhapim","status":"publish","type":"post","link":"https:\/\/radioclubedeinhapim.com.br\/index.php\/2024\/09\/07\/policia-militar-prende-autor-de-trafico-ilicito-de-drogas-em-inhapim\/","title":{"rendered":"POL\u00cdCIA MILITAR PRENDE AUTOR DE TR\u00c1FICO IL\u00cdCITO DE DROGAS EM INHAPIM"},"content":{"rendered":"\n<p>A Pol\u00edcia Militar prendeu no in\u00edcio da noite de ontem, 06\/09, um homem de 30 anos pelo crime de tr\u00e1fico de drogas.<\/p>\n\n\n\n<p>A sala de opera\u00e7\u00f5es de Inhapim recebeu informa\u00e7\u00f5es an\u00f4nimas de que o autor iria fazer uma transa\u00e7\u00e3o de drogas na Vila Marques, em Inhapim.<\/p>\n\n\n\n<p><a><\/a>Equipes se mobilizaram para realiza\u00e7\u00e3o da abordagem do autor e visualizaram o momento em que ele se aproximou do local onde estava previsto ser realizada a mercancia dos entorpecentes.<\/p>\n\n\n\n<p>O autor ao notar que iria ser abordado tentou fugir na condu\u00e7\u00e3o do ve\u00edculo de sua propriedade, sendo um VW Gol, de cor cinza.<\/p>\n\n\n\n<p>Ve\u00edculo foi abordado nas margens de BR 116, em um local ermo.<\/p>\n\n\n\n<p>Durante as buscas no autor e no ve\u00edculo foram localizados os seguintes materiais:<\/p>\n\n\n\n<p>*MATERIAL APREENDIDO:*<\/p>\n\n\n\n<p>&#8211; 07 tabletes de subst\u00e2ncia esverdeada an\u00e1loga \u00e0 maconha.<\/p>\n\n\n\n<p>&#8211; 116 reais em moeda nacional<\/p>\n\n\n\n<p>&#8211; 01 celular Redmi Note 13C, cor azul.<\/p>\n\n\n\n<p>*VE\u00cdCULO APREENDIDO:* VW\/Gol G5 de cor cinza, placa HKE-8E00.<\/p>\n\n\n\n<p>Posteriormente autor e materiais foram encaminhados para a delegacia de Caratinga.<\/p>\n","protected":false},"excerpt":{"rendered":"<p>A Pol\u00edcia Militar prendeu no in\u00edcio da noite de ontem, 06\/09, um homem de 30 anos pelo crime de tr\u00e1fico de drogas. A sala de opera\u00e7\u00f5es de Inhapim recebeu informa\u00e7\u00f5es an\u00f4nimas de que o autor iria fazer uma transa\u00e7\u00e3o de drogas na Vila Marques, em Inhapim. Equipes se mobilizaram para realiza\u00e7\u00e3o da abordagem do autor [&hellip;]<\/p>\n","protected":false},"author":2,"featured_media":1621,"comment_status":"open","ping_status":"open","sticky":false,"template":"","format":"standard","meta":{"footnotes":""},"categories":[5],"tags":[],"class_list":["post-1620","post","type-post","status-publish","format-standard","has-post-thumbnail","hentry","category-noticias"],"wpmagazine_modules_lite_featured_media_urls":{"thumbnail":["https:\/\/radioclubedeinhapim.com.br\/wp-content\/uploads\/2024\/09\/1-2-150x150.jpg",150,150,true],"cvmm-medium":["https:\/\/radioclubedeinhapim.com.br\/wp-content\/uploads\/2024\/09\/1-2-300x300.jpg",300,300,true],"cvmm-medium-plus":["https:\/\/radioclubedeinhapim.com.br\/wp-content\/uploads\/2024\/09\/1-2-305x207.jpg",305,207,true],"cvmm-portrait":["https:\/\/radioclubedeinhapim.com.br\/wp-content\/uploads\/2024\/09\/1-2-400x600.jpg",400,600,true],"cvmm-medium-square":["https:\/\/radioclubedeinhapim.com.br\/wp-content\/uploads\/2024\/09\/1-2-600x600.jpg",600,600,true],"cvmm-large":["https:\/\/radioclubedeinhapim.com.br\/wp-content\/uploads\/2024\/09\/1-2.jpg",960,959,false],"cvmm-small":["https:\/\/radioclubedeinhapim.com.br\/wp-content\/uploads\/2024\/09\/1-2-130x95.jpg",130,95,true],"full":["https:\/\/radioclubedeinhapim.com.br\/wp-content\/uploads\/2024\/09\/1-2.jpg",960,959,false]},"categories_names":{"5":{"name":"Not\u00edcias","link":"https:\/\/radioclubedeinhapim.com.br\/index.php\/category\/noticias\/"}},"tags_names":[],"comments_number":"0","_links":{"self":[{"href":"https:\/\/radioclubedeinhapim.com.br\/index.php\/wp-json\/wp\/v2\/posts\/1620","targetHints":{"allow":["GET"]}}],"collection":[{"href":"https:\/\/radioclubedeinhapim.com.br\/index.php\/wp-json\/wp\/v2\/posts"}],"about":[{"href":"https:\/\/radioclubedeinhapim.com.br\/index.php\/wp-json\/wp\/v2\/types\/post"}],"author":[{"embeddable":true,"href":"https:\/\/radioclubedeinhapim.com.br\/index.php\/wp-json\/wp\/v2\/users\/2"}],"replies":[{"embeddable":true,"href":"https:\/\/radioclubedeinhapim.com.br\/index.php\/wp-json\/wp\/v2\/comments?post=1620"}],"version-history":[{"count":1,"href":"https:\/\/radioclubedeinhapim.com.br\/index.php\/wp-json\/wp\/v2\/posts\/1620\/revisions"}],"predecessor-version":[{"id":1622,"href":"https:\/\/radioclubedeinhapim.com.br\/index.php\/wp-json\/wp\/v2\/posts\/1620\/revisions\/1622"}],"wp:featuredmedia":[{"embeddable":true,"href":"https:\/\/radioclubedeinhapim.com.br\/index.php\/wp-json\/wp\/v2\/media\/1621"}],"wp:attachment":[{"href":"https:\/\/radioclubedeinhapim.com.br\/index.php\/wp-json\/wp\/v2\/media?parent=1620"}],"wp:term":[{"taxonomy":"category","embeddable":true,"href":"https:\/\/radioclubedeinhapim.com.br\/index.php\/wp-json\/wp\/v2\/categories?post=1620"},{"taxonomy":"post_tag","embeddable":true,"href":"https:\/\/radioclubedeinhapim.com.br\/index.php\/wp-json\/wp\/v2\/tags?post=1620"}],"curies":[{"name":"wp","href":"https:\/\/api.w.org\/{rel}","templated":true}]}}