{"id":1637,"date":"2024-09-09T19:23:16","date_gmt":"2024-09-09T22:23:16","guid":{"rendered":"https:\/\/radioclubedeinhapim.com.br\/?p=1637"},"modified":"2024-09-09T19:23:16","modified_gmt":"2024-09-09T22:23:16","slug":"lula-escolhe-mineira-macae-evaristo-como-nova-ministra-dos-direitos-humanos","status":"publish","type":"post","link":"https:\/\/radioclubedeinhapim.com.br\/index.php\/2024\/09\/09\/lula-escolhe-mineira-macae-evaristo-como-nova-ministra-dos-direitos-humanos\/","title":{"rendered":"Lula escolhe mineira Maca\u00e9 Evaristo como nova ministra dos Direitos Humanos"},"content":{"rendered":"\n<p>O presidente Luiz In\u00e1cio Lula da Silva (PT) escolheu nesta segunda-feira (9) a deputada estadual de Minas Gerais Maca\u00e9 Evaristo (PT) como a nova ministra dos Direitos Humanos. Ela substitui o advogado Silvio Almeida, que foi demitido na \u00faltima sexta-feira (6) ap\u00f3s acusa\u00e7\u00f5es de ass\u00e9dio sexual.<\/p>\n\n\n\n<p>Maca\u00e9 esteve com o presidente Lula em reuni\u00e3o em Bras\u00edlia no in\u00edcio desta tarde, conforme antecipou a Itatiaia. Na ocasi\u00e3o, a escolha foi acertada. O presidente confirmou a informa\u00e7\u00e3o da Itatiaia logo depois ao publicar foto com a ministra nas redes sociais.<\/p>\n\n\n\n<p>O nome de Maca\u00e9 vinha sendo apontado como cotado, j\u00e1 que Lula queria uma mulher negra para o cargo. A decis\u00e3o tamb\u00e9m agrada \u00e0 ala mineira do PT, que mesmo tendo a segunda maior bancada do partido na C\u00e2mara, com dez deputados, ainda n\u00e3o tinha nenhum representante na Esplanada.<\/p>\n\n\n\n<p>Com a mineira, o PT comandar\u00e1 11 minist\u00e9rios. Maca\u00e9 tamb\u00e9m ser\u00e1 a d\u00e9cima mulher no alto escal\u00e3o do governo.<\/p>\n\n\n\n<p>Quem \u00e9 Maca\u00e9 Evaristo?<\/p>\n\n\n\n<p>Natural de S\u00e3o Gon\u00e7alo do Par\u00e1, no Centro-Oeste mineiro, Maca\u00e9 Maria Evaristo dos Santos tem 59 anos. \u00c9 formada em Servi\u00e7o Social pela Pontif\u00edcia Universidade Cat\u00f3lica de Minas Gerais (PUC Minas) e mestre em Educa\u00e7\u00e3o pela Universidade Federal de Minas Gerais (UFMG).<\/p>\n\n\n\n<p>Professora desde os 19 anos, foi a primeira mulher negra a ocupar os cargos de secret\u00e1ria de Educa\u00e7\u00e3o de Belo Horizonte, de 2005 a 2012, e do estado, de 2015 a 2018.<\/p>\n\n\n\n<p>Entre 2013 e 2014, foi secret\u00e1ria de Educa\u00e7\u00e3o Continuada, Alfabetiza\u00e7\u00e3o, Diversidade e Inclus\u00e3o do Minist\u00e9rio da Educa\u00e7\u00e3o (MEC) do governo Dilma Rousseff (PT).<\/p>\n\n\n\n<p>Foi eleita pela primeira vez em 2020, quando conquistou uma vaga de vereadora na C\u00e2mara Municipal de Belo Horizonte. Dois anos depois, Maca\u00e9 foi eleita como deputada estadual de Minas Gerais, com 50.416 votos.<\/p>\n","protected":false},"excerpt":{"rendered":"<p>O presidente Luiz In\u00e1cio Lula da Silva (PT) escolheu nesta segunda-feira (9) a deputada estadual de Minas Gerais Maca\u00e9 Evaristo (PT) como a nova ministra dos Direitos Humanos. Ela substitui o advogado Silvio Almeida, que foi demitido na \u00faltima sexta-feira (6) ap\u00f3s acusa\u00e7\u00f5es de ass\u00e9dio sexual. Maca\u00e9 esteve com o presidente Lula em reuni\u00e3o em [&hellip;]<\/p>\n","protected":false},"author":2,"featured_media":1638,"comment_status":"open","ping_status":"open","sticky":false,"template":"","format":"standard","meta":{"footnotes":""},"categories":[5],"tags":[],"class_list":["post-1637","post","type-post","status-publish","format-standard","has-post-thumbnail","hentry","category-noticias"],"wpmagazine_modules_lite_featured_media_urls":{"thumbnail":["https:\/\/radioclubedeinhapim.com.br\/wp-content\/uploads\/2024\/09\/Copia-de-Inserir-um-subtitulo-2024-09-09T192354.793-150x150.jpg",150,150,true],"cvmm-medium":["https:\/\/radioclubedeinhapim.com.br\/wp-content\/uploads\/2024\/09\/Copia-de-Inserir-um-subtitulo-2024-09-09T192354.793-300x300.jpg",300,300,true],"cvmm-medium-plus":["https:\/\/radioclubedeinhapim.com.br\/wp-content\/uploads\/2024\/09\/Copia-de-Inserir-um-subtitulo-2024-09-09T192354.793-305x207.jpg",305,207,true],"cvmm-portrait":["https:\/\/radioclubedeinhapim.com.br\/wp-content\/uploads\/2024\/09\/Copia-de-Inserir-um-subtitulo-2024-09-09T192354.793-400x600.jpg",400,600,true],"cvmm-medium-square":["https:\/\/radioclubedeinhapim.com.br\/wp-content\/uploads\/2024\/09\/Copia-de-Inserir-um-subtitulo-2024-09-09T192354.793-600x600.jpg",600,600,true],"cvmm-large":["https:\/\/radioclubedeinhapim.com.br\/wp-content\/uploads\/2024\/09\/Copia-de-Inserir-um-subtitulo-2024-09-09T192354.793-1024x1024.jpg",1024,1024,true],"cvmm-small":["https:\/\/radioclubedeinhapim.com.br\/wp-content\/uploads\/2024\/09\/Copia-de-Inserir-um-subtitulo-2024-09-09T192354.793-130x95.jpg",130,95,true],"full":["https:\/\/radioclubedeinhapim.com.br\/wp-content\/uploads\/2024\/09\/Copia-de-Inserir-um-subtitulo-2024-09-09T192354.793.jpg",1080,1080,false]},"categories_names":{"5":{"name":"Not\u00edcias","link":"https:\/\/radioclubedeinhapim.com.br\/index.php\/category\/noticias\/"}},"tags_names":[],"comments_number":"0","_links":{"self":[{"href":"https:\/\/radioclubedeinhapim.com.br\/index.php\/wp-json\/wp\/v2\/posts\/1637","targetHints":{"allow":["GET"]}}],"collection":[{"href":"https:\/\/radioclubedeinhapim.com.br\/index.php\/wp-json\/wp\/v2\/posts"}],"about":[{"href":"https:\/\/radioclubedeinhapim.com.br\/index.php\/wp-json\/wp\/v2\/types\/post"}],"author":[{"embeddable":true,"href":"https:\/\/radioclubedeinhapim.com.br\/index.php\/wp-json\/wp\/v2\/users\/2"}],"replies":[{"embeddable":true,"href":"https:\/\/radioclubedeinhapim.com.br\/index.php\/wp-json\/wp\/v2\/comments?post=1637"}],"version-history":[{"count":1,"href":"https:\/\/radioclubedeinhapim.com.br\/index.php\/wp-json\/wp\/v2\/posts\/1637\/revisions"}],"predecessor-version":[{"id":1639,"href":"https:\/\/radioclubedeinhapim.com.br\/index.php\/wp-json\/wp\/v2\/posts\/1637\/revisions\/1639"}],"wp:featuredmedia":[{"embeddable":true,"href":"https:\/\/radioclubedeinhapim.com.br\/index.php\/wp-json\/wp\/v2\/media\/1638"}],"wp:attachment":[{"href":"https:\/\/radioclubedeinhapim.com.br\/index.php\/wp-json\/wp\/v2\/media?parent=1637"}],"wp:term":[{"taxonomy":"category","embeddable":true,"href":"https:\/\/radioclubedeinhapim.com.br\/index.php\/wp-json\/wp\/v2\/categories?post=1637"},{"taxonomy":"post_tag","embeddable":true,"href":"https:\/\/radioclubedeinhapim.com.br\/index.php\/wp-json\/wp\/v2\/tags?post=1637"}],"curies":[{"name":"wp","href":"https:\/\/api.w.org\/{rel}","templated":true}]}}