{"id":1763,"date":"2024-09-13T17:10:43","date_gmt":"2024-09-13T20:10:43","guid":{"rendered":"https:\/\/radioclubedeinhapim.com.br\/?p=1763"},"modified":"2024-09-13T17:10:43","modified_gmt":"2024-09-13T20:10:43","slug":"governo-quer-extinguir-o-saque-aniversario-do-fgts","status":"publish","type":"post","link":"https:\/\/radioclubedeinhapim.com.br\/index.php\/2024\/09\/13\/governo-quer-extinguir-o-saque-aniversario-do-fgts\/","title":{"rendered":"Governo quer extinguir o saque-anivers\u00e1rio do FGTS"},"content":{"rendered":"\n<p>O governo federal enviar\u00e1 ao Congresso Nacional um projeto de lei para extinguir o saque-anivers\u00e1rio do Fundo de Garantia do Tempo de Servi\u00e7o (FGTS) e criar um novo modelo de cr\u00e9dito consignado. O an\u00fancio foi feito pelo ministro do Trabalho e Emprego, Luiz Marinho, na cerim\u00f4nia em comemora\u00e7\u00e3o aos 58 anos do FGTS.&nbsp;<img decoding=\"async\" src=\"https:\/\/agenciabrasil.ebc.com.br\/ebc.png?id=1612075&amp;o=node\"><img decoding=\"async\" src=\"https:\/\/agenciabrasil.ebc.com.br\/ebc.gif?id=1612075&amp;o=node\"><\/p>\n\n\n\n<p>A modalidade de saque-anivers\u00e1rio do FGTS foi implementada em 2020&nbsp;e&nbsp;permite que o trabalhador saque, anualmente, no m\u00eas do seu anivers\u00e1rio, parte do saldo das contas ativas e inativas.<\/p>\n\n\n\n<p>O ministro informou que a mudan\u00e7a vai permitir que o trabalhador use seu FGTS como garantia na aquisi\u00e7\u00e3o de cr\u00e9dito consignado, em casos de demiss\u00e3o, mas apenas nessas circunst\u00e2ncias.<\/p>\n\n\n\n<p>Os empregados tamb\u00e9m poder\u00e3o escolher a institui\u00e7\u00e3o financeira que oferecer as melhores taxas, sem a necessidade de conven\u00e7\u00f5es entre empresas e institui\u00e7\u00f5es financeiras, como ocorre atualmente.<\/p>\n\n\n\n<p>&#8220;Estamos dialogando primeiro dentro do governo e, agora, queremos debater com o Congresso para aprovar uma proposta que garanta cr\u00e9dito acess\u00edvel ao trabalhador, preservando a fun\u00e7\u00e3o do fundo como prote\u00e7\u00e3o em caso de desemprego&#8221;, explicou Luiz Marinho.<\/p>\n\n\n\n<p>Segundo o minist\u00e9rio, em 2023, o FGTS administrou 219,5 milh\u00f5es de contas, com saldo de R$ 572,4 bilh\u00f5es, somando um patrim\u00f4nio de R$ 704,3 bilh\u00f5es. A Caixa liberou R$ 142,3 bilh\u00f5es em saques para os trabalhadores, aumento de 12,6% em rela\u00e7\u00e3o ao ano anterior. O saque por rescis\u00e3o de contrato de trabalho foi respons\u00e1vel por 43,49% desse total, seguido pelo saque-anivers\u00e1rio, com 26,79%.<\/p>\n\n\n\n<p>O saque-anivers\u00e1rio teve retirada de R$ 38,1 bilh\u00f5es em 2023, dos quais R$ 14,7 bilh\u00f5es foram pagos diretamente aos trabalhadores, enquanto R$ 23,4 bilh\u00f5es foram destinados a institui\u00e7\u00f5es financeiras como garantia para opera\u00e7\u00f5es de cr\u00e9dito.<\/p>\n\n\n\n<p>Em rela\u00e7\u00e3o ao saque calamidade do FGTS, 67,4 mil trabalhadores em 285 cidades de 14 estados afetados por calamidades foram beneficiados. Os valores liberados somaram R$ 249,2 milh\u00f5es em 2023.&nbsp;<\/p>\n\n\n\n<p>Este ano, somente para o Rio Grande do Sul, foram liberados mais de R$ 3,46 bilh\u00f5es para 1,05 milh\u00e3o de trabalhadores, com m\u00e9dia de R$ 3,3 mil por pessoa.<\/p>\n\n\n\n<p><\/p>\n\n\n\n<p class=\"has-small-font-size\">Ag\u00eancia Brasil<\/p>\n","protected":false},"excerpt":{"rendered":"<p>O governo federal enviar\u00e1 ao Congresso Nacional um projeto de lei para extinguir o saque-anivers\u00e1rio do Fundo de Garantia do Tempo de Servi\u00e7o (FGTS) e criar um novo modelo de cr\u00e9dito consignado. O an\u00fancio foi feito pelo ministro do Trabalho e Emprego, Luiz Marinho, na cerim\u00f4nia em comemora\u00e7\u00e3o aos 58 anos do FGTS.&nbsp; A modalidade [&hellip;]<\/p>\n","protected":false},"author":2,"featured_media":1764,"comment_status":"open","ping_status":"open","sticky":false,"template":"","format":"standard","meta":{"footnotes":""},"categories":[5],"tags":[],"class_list":["post-1763","post","type-post","status-publish","format-standard","has-post-thumbnail","hentry","category-noticias"],"wpmagazine_modules_lite_featured_media_urls":{"thumbnail":["https:\/\/radioclubedeinhapim.com.br\/wp-content\/uploads\/2024\/09\/2-150x150.jpg",150,150,true],"cvmm-medium":["https:\/\/radioclubedeinhapim.com.br\/wp-content\/uploads\/2024\/09\/2-300x300.jpg",300,300,true],"cvmm-medium-plus":["https:\/\/radioclubedeinhapim.com.br\/wp-content\/uploads\/2024\/09\/2-305x207.jpg",305,207,true],"cvmm-portrait":["https:\/\/radioclubedeinhapim.com.br\/wp-content\/uploads\/2024\/09\/2-400x600.jpg",400,600,true],"cvmm-medium-square":["https:\/\/radioclubedeinhapim.com.br\/wp-content\/uploads\/2024\/09\/2-600x600.jpg",600,600,true],"cvmm-large":["https:\/\/radioclubedeinhapim.com.br\/wp-content\/uploads\/2024\/09\/2-1024x1024.jpg",1024,1024,true],"cvmm-small":["https:\/\/radioclubedeinhapim.com.br\/wp-content\/uploads\/2024\/09\/2-130x95.jpg",130,95,true],"full":["https:\/\/radioclubedeinhapim.com.br\/wp-content\/uploads\/2024\/09\/2.jpg",1080,1080,false]},"categories_names":{"5":{"name":"Not\u00edcias","link":"https:\/\/radioclubedeinhapim.com.br\/index.php\/category\/noticias\/"}},"tags_names":[],"comments_number":"0","_links":{"self":[{"href":"https:\/\/radioclubedeinhapim.com.br\/index.php\/wp-json\/wp\/v2\/posts\/1763","targetHints":{"allow":["GET"]}}],"collection":[{"href":"https:\/\/radioclubedeinhapim.com.br\/index.php\/wp-json\/wp\/v2\/posts"}],"about":[{"href":"https:\/\/radioclubedeinhapim.com.br\/index.php\/wp-json\/wp\/v2\/types\/post"}],"author":[{"embeddable":true,"href":"https:\/\/radioclubedeinhapim.com.br\/index.php\/wp-json\/wp\/v2\/users\/2"}],"replies":[{"embeddable":true,"href":"https:\/\/radioclubedeinhapim.com.br\/index.php\/wp-json\/wp\/v2\/comments?post=1763"}],"version-history":[{"count":1,"href":"https:\/\/radioclubedeinhapim.com.br\/index.php\/wp-json\/wp\/v2\/posts\/1763\/revisions"}],"predecessor-version":[{"id":1765,"href":"https:\/\/radioclubedeinhapim.com.br\/index.php\/wp-json\/wp\/v2\/posts\/1763\/revisions\/1765"}],"wp:featuredmedia":[{"embeddable":true,"href":"https:\/\/radioclubedeinhapim.com.br\/index.php\/wp-json\/wp\/v2\/media\/1764"}],"wp:attachment":[{"href":"https:\/\/radioclubedeinhapim.com.br\/index.php\/wp-json\/wp\/v2\/media?parent=1763"}],"wp:term":[{"taxonomy":"category","embeddable":true,"href":"https:\/\/radioclubedeinhapim.com.br\/index.php\/wp-json\/wp\/v2\/categories?post=1763"},{"taxonomy":"post_tag","embeddable":true,"href":"https:\/\/radioclubedeinhapim.com.br\/index.php\/wp-json\/wp\/v2\/tags?post=1763"}],"curies":[{"name":"wp","href":"https:\/\/api.w.org\/{rel}","templated":true}]}}