{"id":1827,"date":"2024-09-18T11:17:59","date_gmt":"2024-09-18T14:17:59","guid":{"rendered":"https:\/\/radioclubedeinhapim.com.br\/?p=1827"},"modified":"2024-09-18T11:17:59","modified_gmt":"2024-09-18T14:17:59","slug":"crianca-de-matipo-morre-e-policia-recebe-denuncia-de-maus-tratos-e-agressao","status":"publish","type":"post","link":"https:\/\/radioclubedeinhapim.com.br\/index.php\/2024\/09\/18\/crianca-de-matipo-morre-e-policia-recebe-denuncia-de-maus-tratos-e-agressao\/","title":{"rendered":"Crian\u00e7a de Matip\u00f3 morre e pol\u00edcia recebe denuncia de maus tratos e agress\u00e3o"},"content":{"rendered":"\n<p>Foi sepultado no \u00faltimo domingo, 15, o corpo de uma menina de 1 ano e 7 meses. A beb\u00ea estava internada no Hospital C\u00e9sar Leite, desde a quarta-feira, 11\/09. Ap\u00f3s dar entrada no Hospital Cristo Rei, em Matip\u00f3, e devido \u00e0 gravidade de seus ferimentos, foi transferida para Manhua\u00e7u.<\/p>\n\n\n\n<p>De acordo com informa\u00e7\u00f5es da Pol\u00edcia Militar, um familiar da garotinha, procurou o destacamento de Matip\u00f3, alegando que a <a><\/a>beb\u00ea sofria maus tratos e agress\u00f5es.<\/p>\n\n\n\n<p>Policiais se dirigiram at\u00e9 o hospital onde a beb\u00ea recebeu os primeiros atendimentos para apurar o caso. Segundo a informa\u00e7\u00e3o repassada, ela havia ca\u00eddo de uma escada e machucado a cabe\u00e7a. Os militares se deslocaram at\u00e9 a casa da m\u00e3e da crian\u00e7a, que negou as agress\u00f5es contra a beb\u00ea e mostrou o local em que ela supostamente havia ca\u00eddo.<\/p>\n\n\n\n<p>A PM registrou a ocorr\u00eancia com a vers\u00e3o da m\u00e3e e encaminhou para a Pol\u00edcia Civil que passar\u00e1 a investigar o fato, podendo at\u00e9 mesmo pedir a exuma\u00e7\u00e3o do corpo da beb\u00ea, para saber a causa dos ferimentos que a levaram \u00e0 morte.<\/p>\n\n\n\n<p>Portal Capara\u00f3<\/p>\n","protected":false},"excerpt":{"rendered":"<p>Foi sepultado no \u00faltimo domingo, 15, o corpo de uma menina de 1 ano e 7 meses. A beb\u00ea estava internada no Hospital C\u00e9sar Leite, desde a quarta-feira, 11\/09. Ap\u00f3s dar entrada no Hospital Cristo Rei, em Matip\u00f3, e devido \u00e0 gravidade de seus ferimentos, foi transferida para Manhua\u00e7u. De acordo com informa\u00e7\u00f5es da Pol\u00edcia [&hellip;]<\/p>\n","protected":false},"author":2,"featured_media":1832,"comment_status":"open","ping_status":"open","sticky":false,"template":"","format":"standard","meta":{"footnotes":""},"categories":[5],"tags":[],"class_list":["post-1827","post","type-post","status-publish","format-standard","has-post-thumbnail","hentry","category-noticias"],"wpmagazine_modules_lite_featured_media_urls":{"thumbnail":["https:\/\/radioclubedeinhapim.com.br\/wp-content\/uploads\/2024\/09\/Copia-de-Inserir-um-subtitulo-2024-09-18T105156.443-150x150.jpg",150,150,true],"cvmm-medium":["https:\/\/radioclubedeinhapim.com.br\/wp-content\/uploads\/2024\/09\/Copia-de-Inserir-um-subtitulo-2024-09-18T105156.443-300x300.jpg",300,300,true],"cvmm-medium-plus":["https:\/\/radioclubedeinhapim.com.br\/wp-content\/uploads\/2024\/09\/Copia-de-Inserir-um-subtitulo-2024-09-18T105156.443-305x207.jpg",305,207,true],"cvmm-portrait":["https:\/\/radioclubedeinhapim.com.br\/wp-content\/uploads\/2024\/09\/Copia-de-Inserir-um-subtitulo-2024-09-18T105156.443-400x600.jpg",400,600,true],"cvmm-medium-square":["https:\/\/radioclubedeinhapim.com.br\/wp-content\/uploads\/2024\/09\/Copia-de-Inserir-um-subtitulo-2024-09-18T105156.443-600x600.jpg",600,600,true],"cvmm-large":["https:\/\/radioclubedeinhapim.com.br\/wp-content\/uploads\/2024\/09\/Copia-de-Inserir-um-subtitulo-2024-09-18T105156.443-1024x1024.jpg",1024,1024,true],"cvmm-small":["https:\/\/radioclubedeinhapim.com.br\/wp-content\/uploads\/2024\/09\/Copia-de-Inserir-um-subtitulo-2024-09-18T105156.443-130x95.jpg",130,95,true],"full":["https:\/\/radioclubedeinhapim.com.br\/wp-content\/uploads\/2024\/09\/Copia-de-Inserir-um-subtitulo-2024-09-18T105156.443.jpg",1080,1080,false]},"categories_names":{"5":{"name":"Not\u00edcias","link":"https:\/\/radioclubedeinhapim.com.br\/index.php\/category\/noticias\/"}},"tags_names":[],"comments_number":"0","_links":{"self":[{"href":"https:\/\/radioclubedeinhapim.com.br\/index.php\/wp-json\/wp\/v2\/posts\/1827","targetHints":{"allow":["GET"]}}],"collection":[{"href":"https:\/\/radioclubedeinhapim.com.br\/index.php\/wp-json\/wp\/v2\/posts"}],"about":[{"href":"https:\/\/radioclubedeinhapim.com.br\/index.php\/wp-json\/wp\/v2\/types\/post"}],"author":[{"embeddable":true,"href":"https:\/\/radioclubedeinhapim.com.br\/index.php\/wp-json\/wp\/v2\/users\/2"}],"replies":[{"embeddable":true,"href":"https:\/\/radioclubedeinhapim.com.br\/index.php\/wp-json\/wp\/v2\/comments?post=1827"}],"version-history":[{"count":1,"href":"https:\/\/radioclubedeinhapim.com.br\/index.php\/wp-json\/wp\/v2\/posts\/1827\/revisions"}],"predecessor-version":[{"id":1833,"href":"https:\/\/radioclubedeinhapim.com.br\/index.php\/wp-json\/wp\/v2\/posts\/1827\/revisions\/1833"}],"wp:featuredmedia":[{"embeddable":true,"href":"https:\/\/radioclubedeinhapim.com.br\/index.php\/wp-json\/wp\/v2\/media\/1832"}],"wp:attachment":[{"href":"https:\/\/radioclubedeinhapim.com.br\/index.php\/wp-json\/wp\/v2\/media?parent=1827"}],"wp:term":[{"taxonomy":"category","embeddable":true,"href":"https:\/\/radioclubedeinhapim.com.br\/index.php\/wp-json\/wp\/v2\/categories?post=1827"},{"taxonomy":"post_tag","embeddable":true,"href":"https:\/\/radioclubedeinhapim.com.br\/index.php\/wp-json\/wp\/v2\/tags?post=1827"}],"curies":[{"name":"wp","href":"https:\/\/api.w.org\/{rel}","templated":true}]}}