{"id":1836,"date":"2024-09-18T11:19:26","date_gmt":"2024-09-18T14:19:26","guid":{"rendered":"https:\/\/radioclubedeinhapim.com.br\/?p=1836"},"modified":"2024-09-18T11:19:26","modified_gmt":"2024-09-18T14:19:26","slug":"acoes-de-policiamento-de-transito-serao-reforcadas-pela-policia-militar-em-minas","status":"publish","type":"post","link":"https:\/\/radioclubedeinhapim.com.br\/index.php\/2024\/09\/18\/acoes-de-policiamento-de-transito-serao-reforcadas-pela-policia-militar-em-minas\/","title":{"rendered":"A\u00e7\u00f5es de policiamento de tr\u00e2nsito ser\u00e3o refor\u00e7adas pela Pol\u00edcia Militar em Minas"},"content":{"rendered":"\n<p>Com o objetivo de promover a\u00e7\u00f5es educativas para reduzir sinistros de tr\u00e2nsito e melhorar o comportamento dos condutores, pedestres e ciclistas, a Pol\u00edcia Militar de Minas Gerais (PMMG), por meio do Batalh\u00e3o de Pol\u00edcia de Tr\u00e2nsito (BPTRAN) e do Batalh\u00e3o de Pol\u00edcia Militar Rodovi\u00e1ria (BPMRv), lan\u00e7ou nesta segunda-feira, 16\/09, a Semana Nacional de Tr\u00e2nsito 2024, que neste ano tem como tema: Paz no <a><\/a>tr\u00e2nsito come\u00e7a por voc\u00ea.<\/p>\n\n\n\n<p>A a\u00e7\u00e3o ocorrer\u00e1 nas vias urbanas dos 853 munic\u00edpios do estado e em mais de 100 pontos nos cerca de 30 mil km de rodovias sob a responsabilidade da Pol\u00edcia Militar. Ser\u00e3o realizadas blitzen preventivas e repressivas, distribui\u00e7\u00e3o de dicas de seguran\u00e7a aos condutores, al\u00e9m de palestras voltadas \u00e0s crian\u00e7as para que elas possam orientar familiares e amigos sobre a educa\u00e7\u00e3o e respeito no tr\u00e2nsito.<\/p>\n\n\n\n<p>De acordo com o comandante do Batalh\u00e3o de Pol\u00edcia Militar Rodovi\u00e1ria, major Renato Quirino, neste ano, cerca de 600 pessoas perderam a vida em acidentes de tr\u00e2nsito nas rodovias estudais mineiras. No ano de 2023, foram aproximadamente mil. Segundo o major, a principal causa dos acidentes \u00e9 a imprud\u00eancia do condutor.<\/p>\n\n\n\n<p>\u201cNa Semana Nacional de Tr\u00e2nsito, a Pol\u00edcia Militar busca refor\u00e7ar as a\u00e7\u00f5es preventivas e de fiscaliza\u00e7\u00f5es voltadas \u00e0 seguran\u00e7a de todos os usu\u00e1rios. A orienta\u00e7\u00e3o da PMMG \u00e9 que o condutor planeje sua rotina e as viagens, obede\u00e7a a sinaliza\u00e7\u00e3o das vias, principalmente em rela\u00e7\u00e3o \u00e0 velocidade dos ve\u00edculos. A conscientiza\u00e7\u00e3o de todos \u00e9 fundamental para que Minas possa reduzir o n\u00famero de acidentes de tr\u00e2nsito\u201d, destacou.<\/p>\n","protected":false},"excerpt":{"rendered":"<p>Com o objetivo de promover a\u00e7\u00f5es educativas para reduzir sinistros de tr\u00e2nsito e melhorar o comportamento dos condutores, pedestres e ciclistas, a Pol\u00edcia Militar de Minas Gerais (PMMG), por meio do Batalh\u00e3o de Pol\u00edcia de Tr\u00e2nsito (BPTRAN) e do Batalh\u00e3o de Pol\u00edcia Militar Rodovi\u00e1ria (BPMRv), lan\u00e7ou nesta segunda-feira, 16\/09, a Semana Nacional de Tr\u00e2nsito 2024, [&hellip;]<\/p>\n","protected":false},"author":2,"featured_media":1830,"comment_status":"open","ping_status":"open","sticky":false,"template":"","format":"standard","meta":{"footnotes":""},"categories":[5],"tags":[],"class_list":["post-1836","post","type-post","status-publish","format-standard","has-post-thumbnail","hentry","category-noticias"],"wpmagazine_modules_lite_featured_media_urls":{"thumbnail":["https:\/\/radioclubedeinhapim.com.br\/wp-content\/uploads\/2024\/09\/Copia-de-Inserir-um-subtitulo-2024-09-18T105625.452-150x150.jpg",150,150,true],"cvmm-medium":["https:\/\/radioclubedeinhapim.com.br\/wp-content\/uploads\/2024\/09\/Copia-de-Inserir-um-subtitulo-2024-09-18T105625.452-300x300.jpg",300,300,true],"cvmm-medium-plus":["https:\/\/radioclubedeinhapim.com.br\/wp-content\/uploads\/2024\/09\/Copia-de-Inserir-um-subtitulo-2024-09-18T105625.452-305x207.jpg",305,207,true],"cvmm-portrait":["https:\/\/radioclubedeinhapim.com.br\/wp-content\/uploads\/2024\/09\/Copia-de-Inserir-um-subtitulo-2024-09-18T105625.452-400x600.jpg",400,600,true],"cvmm-medium-square":["https:\/\/radioclubedeinhapim.com.br\/wp-content\/uploads\/2024\/09\/Copia-de-Inserir-um-subtitulo-2024-09-18T105625.452-600x600.jpg",600,600,true],"cvmm-large":["https:\/\/radioclubedeinhapim.com.br\/wp-content\/uploads\/2024\/09\/Copia-de-Inserir-um-subtitulo-2024-09-18T105625.452-1024x1024.jpg",1024,1024,true],"cvmm-small":["https:\/\/radioclubedeinhapim.com.br\/wp-content\/uploads\/2024\/09\/Copia-de-Inserir-um-subtitulo-2024-09-18T105625.452-130x95.jpg",130,95,true],"full":["https:\/\/radioclubedeinhapim.com.br\/wp-content\/uploads\/2024\/09\/Copia-de-Inserir-um-subtitulo-2024-09-18T105625.452.jpg",1080,1080,false]},"categories_names":{"5":{"name":"Not\u00edcias","link":"https:\/\/radioclubedeinhapim.com.br\/index.php\/category\/noticias\/"}},"tags_names":[],"comments_number":"0","_links":{"self":[{"href":"https:\/\/radioclubedeinhapim.com.br\/index.php\/wp-json\/wp\/v2\/posts\/1836","targetHints":{"allow":["GET"]}}],"collection":[{"href":"https:\/\/radioclubedeinhapim.com.br\/index.php\/wp-json\/wp\/v2\/posts"}],"about":[{"href":"https:\/\/radioclubedeinhapim.com.br\/index.php\/wp-json\/wp\/v2\/types\/post"}],"author":[{"embeddable":true,"href":"https:\/\/radioclubedeinhapim.com.br\/index.php\/wp-json\/wp\/v2\/users\/2"}],"replies":[{"embeddable":true,"href":"https:\/\/radioclubedeinhapim.com.br\/index.php\/wp-json\/wp\/v2\/comments?post=1836"}],"version-history":[{"count":1,"href":"https:\/\/radioclubedeinhapim.com.br\/index.php\/wp-json\/wp\/v2\/posts\/1836\/revisions"}],"predecessor-version":[{"id":1837,"href":"https:\/\/radioclubedeinhapim.com.br\/index.php\/wp-json\/wp\/v2\/posts\/1836\/revisions\/1837"}],"wp:featuredmedia":[{"embeddable":true,"href":"https:\/\/radioclubedeinhapim.com.br\/index.php\/wp-json\/wp\/v2\/media\/1830"}],"wp:attachment":[{"href":"https:\/\/radioclubedeinhapim.com.br\/index.php\/wp-json\/wp\/v2\/media?parent=1836"}],"wp:term":[{"taxonomy":"category","embeddable":true,"href":"https:\/\/radioclubedeinhapim.com.br\/index.php\/wp-json\/wp\/v2\/categories?post=1836"},{"taxonomy":"post_tag","embeddable":true,"href":"https:\/\/radioclubedeinhapim.com.br\/index.php\/wp-json\/wp\/v2\/tags?post=1836"}],"curies":[{"name":"wp","href":"https:\/\/api.w.org\/{rel}","templated":true}]}}