{"id":1867,"date":"2024-09-19T15:31:06","date_gmt":"2024-09-19T18:31:06","guid":{"rendered":"https:\/\/radioclubedeinhapim.com.br\/?p=1867"},"modified":"2024-09-19T15:31:06","modified_gmt":"2024-09-19T18:31:06","slug":"tse-e-ministerio-da-justica-assinam-portaria-que-proibe-prf-de-bloquear-estradas-no-dia-da-eleicao","status":"publish","type":"post","link":"https:\/\/radioclubedeinhapim.com.br\/index.php\/2024\/09\/19\/tse-e-ministerio-da-justica-assinam-portaria-que-proibe-prf-de-bloquear-estradas-no-dia-da-eleicao\/","title":{"rendered":"TSE e Minist\u00e9rio da Justi\u00e7a assinam portaria que pro\u00edbe PRF de bloquear estradas no dia da elei\u00e7\u00e3o"},"content":{"rendered":"\n<p>O Tribunal Superior Eleitoral (TSE) e o Minist\u00e9rio da Justi\u00e7a determinaram que as a\u00e7\u00f5es da Pol\u00edcia Rodovi\u00e1ria Federal (PRF) em estradas s\u00f3 ser\u00e3o permitidas com comunica\u00e7\u00e3o pr\u00e9via durante o primeiro e o segundo turnos das elei\u00e7\u00f5es municipais, em 6 e 27 de outubro, respectivamente.<\/p>\n\n\n\n<p>A portaria foi assinada nesta quinta-feira (19) em cerim\u00f4nia realizada na sede do TSE, e contou com a <a><\/a>participa\u00e7\u00e3o do ministro da Justi\u00e7a, Ricardo Lewandowski, e a da presidente da Corte Eleitoral, ministra C\u00e1rmen L\u00facia.<\/p>\n\n\n\n<p>Pelas regras assinadas, o patrulhamento da PRF nos dias que os eleitores ir\u00e3o \u00e0s urnas \u201cn\u00e3o poder\u00e1 constituir obst\u00e1culo \u00e0 livre circula\u00e7\u00e3o de pessoas eleitoras\u201d. Com isso, a Pol\u00edcia Rodovi\u00e1ria n\u00e3o poder\u00e1 fazer bloqueios de rodovias federais para fins administrativos ou para apura\u00e7\u00e3o de descumprimento de obriga\u00e7\u00e3o veicular.<\/p>\n\n\n\n<p>Caso seja necess\u00e1rio bloquear as rodovias nas datas mencionadas, a PRF dever\u00e1 fazer comunicado \u00e0 presid\u00eancia do respectivo Tribunal Regional Eleitoral (TRE). A portaria tamb\u00e9m vale para outros \u00f3rg\u00e3os de seguran\u00e7a p\u00fablica, como a Pol\u00edcia Federal, a Pol\u00edcia Penal Federal e a For\u00e7a Nacional.<\/p>\n\n\n\n<p>Elei\u00e7\u00e3o de 2022<\/p>\n\n\n\n<p>A parceria entre o TSE e o Minist\u00e9rio da Justi\u00e7a foi estabelecida ap\u00f3s os bloqueios ocorridos no segundo turno das elei\u00e7\u00f5es presidenciais de 2022, especialmente em cidades do Nordeste. O ministro da Justi\u00e7a ressaltou que a regra atual \u00e9 importante por levar o Estado a garantir a nova circula\u00e7\u00e3o dos eleitores durante o per\u00edodo eleitoral.<\/p>\n\n\n\n<p>\u201cN\u00f3s n\u00e3o queremos e n\u00e3o veremos a repeti\u00e7\u00e3o dos vergonhosos atos que ocorreram no passado recente, em que os eleitores foram impedidos, por for\u00e7a do pr\u00f3prio Estado, de se locomoverem livremente at\u00e9 o local das elei\u00e7\u00f5es\u201d, disse Lewandowski.<\/p>\n\n\n\n<p><\/p>\n","protected":false},"excerpt":{"rendered":"<p>O Tribunal Superior Eleitoral (TSE) e o Minist\u00e9rio da Justi\u00e7a determinaram que as a\u00e7\u00f5es da Pol\u00edcia Rodovi\u00e1ria Federal (PRF) em estradas s\u00f3 ser\u00e3o permitidas com comunica\u00e7\u00e3o pr\u00e9via durante o primeiro e o segundo turnos das elei\u00e7\u00f5es municipais, em 6 e 27 de outubro, respectivamente. A portaria foi assinada nesta quinta-feira (19) em cerim\u00f4nia realizada na [&hellip;]<\/p>\n","protected":false},"author":2,"featured_media":1868,"comment_status":"open","ping_status":"open","sticky":false,"template":"","format":"standard","meta":{"footnotes":""},"categories":[5],"tags":[],"class_list":["post-1867","post","type-post","status-publish","format-standard","has-post-thumbnail","hentry","category-noticias"],"wpmagazine_modules_lite_featured_media_urls":{"thumbnail":["https:\/\/radioclubedeinhapim.com.br\/wp-content\/uploads\/2024\/09\/Copia-de-Inserir-um-subtitulo-2024-09-19T153041.517-150x150.jpg",150,150,true],"cvmm-medium":["https:\/\/radioclubedeinhapim.com.br\/wp-content\/uploads\/2024\/09\/Copia-de-Inserir-um-subtitulo-2024-09-19T153041.517-300x300.jpg",300,300,true],"cvmm-medium-plus":["https:\/\/radioclubedeinhapim.com.br\/wp-content\/uploads\/2024\/09\/Copia-de-Inserir-um-subtitulo-2024-09-19T153041.517-305x207.jpg",305,207,true],"cvmm-portrait":["https:\/\/radioclubedeinhapim.com.br\/wp-content\/uploads\/2024\/09\/Copia-de-Inserir-um-subtitulo-2024-09-19T153041.517-400x600.jpg",400,600,true],"cvmm-medium-square":["https:\/\/radioclubedeinhapim.com.br\/wp-content\/uploads\/2024\/09\/Copia-de-Inserir-um-subtitulo-2024-09-19T153041.517-600x600.jpg",600,600,true],"cvmm-large":["https:\/\/radioclubedeinhapim.com.br\/wp-content\/uploads\/2024\/09\/Copia-de-Inserir-um-subtitulo-2024-09-19T153041.517-1024x1024.jpg",1024,1024,true],"cvmm-small":["https:\/\/radioclubedeinhapim.com.br\/wp-content\/uploads\/2024\/09\/Copia-de-Inserir-um-subtitulo-2024-09-19T153041.517-130x95.jpg",130,95,true],"full":["https:\/\/radioclubedeinhapim.com.br\/wp-content\/uploads\/2024\/09\/Copia-de-Inserir-um-subtitulo-2024-09-19T153041.517.jpg",1080,1080,false]},"categories_names":{"5":{"name":"Not\u00edcias","link":"https:\/\/radioclubedeinhapim.com.br\/index.php\/category\/noticias\/"}},"tags_names":[],"comments_number":"0","_links":{"self":[{"href":"https:\/\/radioclubedeinhapim.com.br\/index.php\/wp-json\/wp\/v2\/posts\/1867","targetHints":{"allow":["GET"]}}],"collection":[{"href":"https:\/\/radioclubedeinhapim.com.br\/index.php\/wp-json\/wp\/v2\/posts"}],"about":[{"href":"https:\/\/radioclubedeinhapim.com.br\/index.php\/wp-json\/wp\/v2\/types\/post"}],"author":[{"embeddable":true,"href":"https:\/\/radioclubedeinhapim.com.br\/index.php\/wp-json\/wp\/v2\/users\/2"}],"replies":[{"embeddable":true,"href":"https:\/\/radioclubedeinhapim.com.br\/index.php\/wp-json\/wp\/v2\/comments?post=1867"}],"version-history":[{"count":1,"href":"https:\/\/radioclubedeinhapim.com.br\/index.php\/wp-json\/wp\/v2\/posts\/1867\/revisions"}],"predecessor-version":[{"id":1869,"href":"https:\/\/radioclubedeinhapim.com.br\/index.php\/wp-json\/wp\/v2\/posts\/1867\/revisions\/1869"}],"wp:featuredmedia":[{"embeddable":true,"href":"https:\/\/radioclubedeinhapim.com.br\/index.php\/wp-json\/wp\/v2\/media\/1868"}],"wp:attachment":[{"href":"https:\/\/radioclubedeinhapim.com.br\/index.php\/wp-json\/wp\/v2\/media?parent=1867"}],"wp:term":[{"taxonomy":"category","embeddable":true,"href":"https:\/\/radioclubedeinhapim.com.br\/index.php\/wp-json\/wp\/v2\/categories?post=1867"},{"taxonomy":"post_tag","embeddable":true,"href":"https:\/\/radioclubedeinhapim.com.br\/index.php\/wp-json\/wp\/v2\/tags?post=1867"}],"curies":[{"name":"wp","href":"https:\/\/api.w.org\/{rel}","templated":true}]}}