{"id":1909,"date":"2024-09-23T12:02:24","date_gmt":"2024-09-23T15:02:24","guid":{"rendered":"https:\/\/radioclubedeinhapim.com.br\/?p=1909"},"modified":"2024-09-23T12:02:24","modified_gmt":"2024-09-23T15:02:24","slug":"incendio-no-vale-do-aco-moradores-reclamam-dificuldade-para-respirar","status":"publish","type":"post","link":"https:\/\/radioclubedeinhapim.com.br\/index.php\/2024\/09\/23\/incendio-no-vale-do-aco-moradores-reclamam-dificuldade-para-respirar\/","title":{"rendered":"Inc\u00eandio no Vale do A\u00e7o: moradores reclamam dificuldade para respirar"},"content":{"rendered":"\n<p>Moradores das principais cidades do Vale do A\u00e7o foram surpreendidos com diversos inc\u00eandios que se alastraram pela regi\u00e3o nesse s\u00e1bado (21).<\/p>\n\n\n\n<p>Em Tim\u00f3teo, as chamas come\u00e7aram em uma \u00e1rea de vegeta\u00e7\u00e3o, na regi\u00e3o dos bairros Alegre e Eldorado.<\/p>\n\n\n\n<p>Moradores dos bairros Cruzeiro e Recanto Verde informaram que nos bairros, o c\u00e9u ficou coberto por uma densa fuma\u00e7a.<\/p>\n\n\n\n<p>At\u00e9 <a><\/a>mesmo no bairro Primavera, que fica a aproximadamente 6 km da regi\u00e3o onde estava concentrado o foco do inc\u00eandio, foi poss\u00edvel notar a fuma\u00e7a.<\/p>\n\n\n\n<p>Durante a noite, moradores reclamaram que havia dificuldade para respirar em alguns locais.<\/p>\n\n\n\n<p>Em Coronel Fabriciano, um homem, de 27 anos, foi detido na sexta-feira (20), no bairro Morada do Vale.<\/p>\n\n\n\n<p>Ele mesmo procurou a pol\u00edcia e confessou que colocou fogo em uma fia\u00e7\u00e3o para tentar retirar um cobre, mas que a situa\u00e7\u00e3o saiu do controle e as chamas se alastraram pela vegeta\u00e7\u00e3o.<\/p>\n\n\n\n<p>Neste domingo (22), os militares informaram que tr\u00eas frentes de trabalho atuam nas regi\u00f5es de Jaguara\u00e7u, Tim\u00f3teo e Coronel Fabriciano.<\/p>\n\n\n\n<p>At\u00e9 o momento, foram combatidos seis focos de inc\u00eandio em Tim\u00f3teo, dois em Ipatinga, tr\u00eas em Coronel Fabriciano, um em Ant\u00f4nio Dias e um em Jaguara\u00e7u.<\/p>\n\n\n\n<p>N\u00e3o h\u00e1 informa\u00e7\u00f5es sobre a origem dos inc\u00eandios e\/ou novas pris\u00f5es. Tamb\u00e9m n\u00e3o h\u00e1 registro de feridos.<\/p>\n","protected":false},"excerpt":{"rendered":"<p>Moradores das principais cidades do Vale do A\u00e7o foram surpreendidos com diversos inc\u00eandios que se alastraram pela regi\u00e3o nesse s\u00e1bado (21). Em Tim\u00f3teo, as chamas come\u00e7aram em uma \u00e1rea de vegeta\u00e7\u00e3o, na regi\u00e3o dos bairros Alegre e Eldorado. Moradores dos bairros Cruzeiro e Recanto Verde informaram que nos bairros, o c\u00e9u ficou coberto por uma [&hellip;]<\/p>\n","protected":false},"author":2,"featured_media":1916,"comment_status":"open","ping_status":"open","sticky":false,"template":"","format":"standard","meta":{"footnotes":""},"categories":[5],"tags":[],"class_list":["post-1909","post","type-post","status-publish","format-standard","has-post-thumbnail","hentry","category-noticias"],"wpmagazine_modules_lite_featured_media_urls":{"thumbnail":["https:\/\/radioclubedeinhapim.com.br\/wp-content\/uploads\/2024\/09\/461193005_1335896064076097_2389099345801482337_n-150x150.jpg",150,150,true],"cvmm-medium":["https:\/\/radioclubedeinhapim.com.br\/wp-content\/uploads\/2024\/09\/461193005_1335896064076097_2389099345801482337_n-300x300.jpg",300,300,true],"cvmm-medium-plus":["https:\/\/radioclubedeinhapim.com.br\/wp-content\/uploads\/2024\/09\/461193005_1335896064076097_2389099345801482337_n-305x207.jpg",305,207,true],"cvmm-portrait":["https:\/\/radioclubedeinhapim.com.br\/wp-content\/uploads\/2024\/09\/461193005_1335896064076097_2389099345801482337_n-400x600.jpg",400,600,true],"cvmm-medium-square":["https:\/\/radioclubedeinhapim.com.br\/wp-content\/uploads\/2024\/09\/461193005_1335896064076097_2389099345801482337_n-600x600.jpg",600,600,true],"cvmm-large":["https:\/\/radioclubedeinhapim.com.br\/wp-content\/uploads\/2024\/09\/461193005_1335896064076097_2389099345801482337_n-1024x1024.jpg",1024,1024,true],"cvmm-small":["https:\/\/radioclubedeinhapim.com.br\/wp-content\/uploads\/2024\/09\/461193005_1335896064076097_2389099345801482337_n-130x95.jpg",130,95,true],"full":["https:\/\/radioclubedeinhapim.com.br\/wp-content\/uploads\/2024\/09\/461193005_1335896064076097_2389099345801482337_n.jpg",1080,1080,false]},"categories_names":{"5":{"name":"Not\u00edcias","link":"https:\/\/radioclubedeinhapim.com.br\/index.php\/category\/noticias\/"}},"tags_names":[],"comments_number":"0","_links":{"self":[{"href":"https:\/\/radioclubedeinhapim.com.br\/index.php\/wp-json\/wp\/v2\/posts\/1909","targetHints":{"allow":["GET"]}}],"collection":[{"href":"https:\/\/radioclubedeinhapim.com.br\/index.php\/wp-json\/wp\/v2\/posts"}],"about":[{"href":"https:\/\/radioclubedeinhapim.com.br\/index.php\/wp-json\/wp\/v2\/types\/post"}],"author":[{"embeddable":true,"href":"https:\/\/radioclubedeinhapim.com.br\/index.php\/wp-json\/wp\/v2\/users\/2"}],"replies":[{"embeddable":true,"href":"https:\/\/radioclubedeinhapim.com.br\/index.php\/wp-json\/wp\/v2\/comments?post=1909"}],"version-history":[{"count":1,"href":"https:\/\/radioclubedeinhapim.com.br\/index.php\/wp-json\/wp\/v2\/posts\/1909\/revisions"}],"predecessor-version":[{"id":1917,"href":"https:\/\/radioclubedeinhapim.com.br\/index.php\/wp-json\/wp\/v2\/posts\/1909\/revisions\/1917"}],"wp:featuredmedia":[{"embeddable":true,"href":"https:\/\/radioclubedeinhapim.com.br\/index.php\/wp-json\/wp\/v2\/media\/1916"}],"wp:attachment":[{"href":"https:\/\/radioclubedeinhapim.com.br\/index.php\/wp-json\/wp\/v2\/media?parent=1909"}],"wp:term":[{"taxonomy":"category","embeddable":true,"href":"https:\/\/radioclubedeinhapim.com.br\/index.php\/wp-json\/wp\/v2\/categories?post=1909"},{"taxonomy":"post_tag","embeddable":true,"href":"https:\/\/radioclubedeinhapim.com.br\/index.php\/wp-json\/wp\/v2\/tags?post=1909"}],"curies":[{"name":"wp","href":"https:\/\/api.w.org\/{rel}","templated":true}]}}