{"id":1954,"date":"2024-09-25T10:55:49","date_gmt":"2024-09-25T13:55:49","guid":{"rendered":"https:\/\/radioclubedeinhapim.com.br\/?p=1954"},"modified":"2024-09-25T10:55:49","modified_gmt":"2024-09-25T13:55:49","slug":"veiculo-roubado-no-corrego-dos-bras-municipio-de-inhapim-foi-localizado","status":"publish","type":"post","link":"https:\/\/radioclubedeinhapim.com.br\/index.php\/2024\/09\/25\/veiculo-roubado-no-corrego-dos-bras-municipio-de-inhapim-foi-localizado\/","title":{"rendered":"Ve\u00edculo roubado no C\u00f3rrego dos Br\u00e1s, munic\u00edpio de Inhapim foi localizado"},"content":{"rendered":"\n<p>Um ve\u00edculo que foi roubado durante um assalto registrado na zona rural de Inhapim na noite da \u00faltima segunda-feira, 23 de setembro de 2024, foi localizado na cidade de Caratinga.<\/p>\n\n\n\n<p>Nossa equipe conversou com Tenente Walquer Anacleto da 288\u00aa Cia. da PMMG de Inhapim, que orienta a comunidade local, para tomar as devidas precau\u00e7\u00f5es em rela\u00e7\u00e3o a esse tipo de crime.<\/p>\n\n\n\n<p>O <a><\/a>Tenente refor\u00e7a que caso o morador perceba qualquer movimenta\u00e7\u00e3o estranha, deve acionar imediatamente a Pol\u00edcia Militar, para que seja feito um servi\u00e7o preventivo, ele disse ainda que a corpora\u00e7\u00e3o tem realizado o patrulhamento rural, por\u00e9m devido a extens\u00e3o do munic\u00edpio, n\u00e3o \u00e9 poss\u00edvel estar em todos os c\u00f3rregos ao mesmo tempo.<\/p>\n\n\n\n<p>De acordo com o Tenente, os autores do roubo ainda n\u00e3o foram localizados.<\/p>\n\n\n\n<p>Qualquer informa\u00e7\u00e3o relacionada a este crime que possa auxiliar nos trabalhos dos militares, podem ser repassadas atrav\u00e9s do 190, ou at\u00e9 mesmo pelo n\u00famero da 288\u00aa Cia. da PMMG de Inhapim (33) 3315-1190.<\/p>\n\n\n\n<p>Relembre o caso<\/p>\n\n\n\n<p>Um ve\u00edculo foi roubado durante um assalto registrado na noite de ontem, 23 de setembro de 2024, por volta de 21:16, no C\u00f3rrego dos Br\u00e1s, Zona Rural de Inhapim.<\/p>\n\n\n\n<p>De acordo com a Pol\u00edcia Militar, as v\u00edtimas relataram que estavam em sua resid\u00eancia quando foram surpreendidas por quatro indiv\u00edduos, sendo tr\u00eas encapuzadas e um sem capuz. Os criminosos renderam as v\u00edtimas e as levaram para c\u00f4modos diferentes.<\/p>\n\n\n\n<p>Ainda segundo o relato das v\u00edtimas, dois indiv\u00edduos estavam com arma em punho, quando anunciaram o assalto, os criminosos levaram o ve\u00edculo da fam\u00edlia, um Volkswagen Gol de cor preta e um aparelho celular.<\/p>\n\n\n\n<p>Ap\u00f3s o crime eles seguiram sentido Ubaporanga.<\/p>\n\n\n\n<p>Segundo populares, outro ve\u00edculo foi visto, um Ford Fiesta modelo sedan de cor prata, possivelmente dando cobertura ao roubo.<\/p>\n\n\n\n<p>As viaturas de Inhapim, S\u00e3o Domingos e Imb\u00e9 de Minas est\u00e3o em rastreamento, mas at\u00e9 o momento n\u00e3o obtiveram \u00eaxito.<\/p>\n\n\n\n<p><a href=\"https:\/\/www.facebook.com\/photo\/?fbid=1337723023893401&amp;set=a.814962612836114&amp;__cft__[0]=AZVt3h9etGpTXHliWWONsFOhWdfWZx7dbENpw3QvXNZnEBdm9cL4qFioF2zqddMEewtZsXnUwx7Dv7CFXUC8DXW28K_S9sTbpu2LAGE_QqxoCV2GlG6EV6rT1bz35Kc2NuKoBDdLqGgp3Z8onzCYdfHgOOUtL9xVQaa8Iyq5ABTPW29YHGvJl2le6CwpkVTWj4HiIl_yuvHsZohA3229uc5P&amp;__tn__=EH-R\"><\/a><\/p>\n\n\n\n<figure class=\"wp-block-image\"><a href=\"https:\/\/www.facebook.com\/photo\/?fbid=1337723023893401&amp;set=a.814962612836114&amp;__cft__[0]=AZVt3h9etGpTXHliWWONsFOhWdfWZx7dbENpw3QvXNZnEBdm9cL4qFioF2zqddMEewtZsXnUwx7Dv7CFXUC8DXW28K_S9sTbpu2LAGE_QqxoCV2GlG6EV6rT1bz35Kc2NuKoBDdLqGgp3Z8onzCYdfHgOOUtL9xVQaa8Iyq5ABTPW29YHGvJl2le6CwpkVTWj4HiIl_yuvHsZohA3229uc5P&amp;__tn__=EH-R\"><img decoding=\"async\" src=\"https:\/\/scontent.fgvr3-1.fna.fbcdn.net\/v\/t39.30808-6\/461327992_1337723033893400_831790344065414935_n.jpg?stp=dst-jpg_p526x296&amp;_nc_cat=101&amp;ccb=1-7&amp;_nc_sid=127cfc&amp;_nc_ohc=UMjtj1iDPksQ7kNvgGgHgNZ&amp;_nc_ht=scontent.fgvr3-1.fna&amp;_nc_gid=AGzfCyCc1j-Xt9PHMx01WZj&amp;oh=00_AYBOOG3cJFmTBwD7kEpYpUTGjAlkhrQBBzvZ-sMD2Pdx5Q&amp;oe=66F9DD62\" alt=\"Pode ser uma imagem de carro e texto que diz &quot;VE\u00cdCULO ENCONTRADO: VE\u00cdCULO ROUBADO NO C\u00d3RREGO DOS BR\u00c1S, MUNIC\u00cdPIO DE INHAPIM FOI LOCALIZADO ENCONTRADO (. VE\u00cdCULO VEICuLO IMAGEMK.REPRODU\u00c7AO\/DIMUILGA\u00c7\u00c3O clube r\u00e1dio&quot;\"\/><\/a><\/figure>\n\n\n\n<p>Ver insights<\/p>\n\n\n\n<p>Turbinar uma publica\u00e7\u00e3o<\/p>\n\n\n\n\n\n\n\n<p>Todas as rea\u00e7\u00f5es:<\/p>\n\n\n\n<p>99<\/p>\n","protected":false},"excerpt":{"rendered":"<p>Um ve\u00edculo que foi roubado durante um assalto registrado na zona rural de Inhapim na noite da \u00faltima segunda-feira, 23 de setembro de 2024, foi localizado na cidade de Caratinga. Nossa equipe conversou com Tenente Walquer Anacleto da 288\u00aa Cia. da PMMG de Inhapim, que orienta a comunidade local, para tomar as devidas precau\u00e7\u00f5es em [&hellip;]<\/p>\n","protected":false},"author":2,"featured_media":1955,"comment_status":"open","ping_status":"open","sticky":false,"template":"","format":"standard","meta":{"footnotes":""},"categories":[5],"tags":[],"class_list":["post-1954","post","type-post","status-publish","format-standard","has-post-thumbnail","hentry","category-noticias"],"wpmagazine_modules_lite_featured_media_urls":{"thumbnail":["https:\/\/radioclubedeinhapim.com.br\/wp-content\/uploads\/2024\/09\/Copia-de-Inserir-um-subtitulo-2024-09-25T102659.931-150x150.jpg",150,150,true],"cvmm-medium":["https:\/\/radioclubedeinhapim.com.br\/wp-content\/uploads\/2024\/09\/Copia-de-Inserir-um-subtitulo-2024-09-25T102659.931-300x300.jpg",300,300,true],"cvmm-medium-plus":["https:\/\/radioclubedeinhapim.com.br\/wp-content\/uploads\/2024\/09\/Copia-de-Inserir-um-subtitulo-2024-09-25T102659.931-305x207.jpg",305,207,true],"cvmm-portrait":["https:\/\/radioclubedeinhapim.com.br\/wp-content\/uploads\/2024\/09\/Copia-de-Inserir-um-subtitulo-2024-09-25T102659.931-400x600.jpg",400,600,true],"cvmm-medium-square":["https:\/\/radioclubedeinhapim.com.br\/wp-content\/uploads\/2024\/09\/Copia-de-Inserir-um-subtitulo-2024-09-25T102659.931-600x600.jpg",600,600,true],"cvmm-large":["https:\/\/radioclubedeinhapim.com.br\/wp-content\/uploads\/2024\/09\/Copia-de-Inserir-um-subtitulo-2024-09-25T102659.931-1024x1024.jpg",1024,1024,true],"cvmm-small":["https:\/\/radioclubedeinhapim.com.br\/wp-content\/uploads\/2024\/09\/Copia-de-Inserir-um-subtitulo-2024-09-25T102659.931-130x95.jpg",130,95,true],"full":["https:\/\/radioclubedeinhapim.com.br\/wp-content\/uploads\/2024\/09\/Copia-de-Inserir-um-subtitulo-2024-09-25T102659.931.jpg",1080,1080,false]},"categories_names":{"5":{"name":"Not\u00edcias","link":"https:\/\/radioclubedeinhapim.com.br\/index.php\/category\/noticias\/"}},"tags_names":[],"comments_number":"0","_links":{"self":[{"href":"https:\/\/radioclubedeinhapim.com.br\/index.php\/wp-json\/wp\/v2\/posts\/1954","targetHints":{"allow":["GET"]}}],"collection":[{"href":"https:\/\/radioclubedeinhapim.com.br\/index.php\/wp-json\/wp\/v2\/posts"}],"about":[{"href":"https:\/\/radioclubedeinhapim.com.br\/index.php\/wp-json\/wp\/v2\/types\/post"}],"author":[{"embeddable":true,"href":"https:\/\/radioclubedeinhapim.com.br\/index.php\/wp-json\/wp\/v2\/users\/2"}],"replies":[{"embeddable":true,"href":"https:\/\/radioclubedeinhapim.com.br\/index.php\/wp-json\/wp\/v2\/comments?post=1954"}],"version-history":[{"count":1,"href":"https:\/\/radioclubedeinhapim.com.br\/index.php\/wp-json\/wp\/v2\/posts\/1954\/revisions"}],"predecessor-version":[{"id":1956,"href":"https:\/\/radioclubedeinhapim.com.br\/index.php\/wp-json\/wp\/v2\/posts\/1954\/revisions\/1956"}],"wp:featuredmedia":[{"embeddable":true,"href":"https:\/\/radioclubedeinhapim.com.br\/index.php\/wp-json\/wp\/v2\/media\/1955"}],"wp:attachment":[{"href":"https:\/\/radioclubedeinhapim.com.br\/index.php\/wp-json\/wp\/v2\/media?parent=1954"}],"wp:term":[{"taxonomy":"category","embeddable":true,"href":"https:\/\/radioclubedeinhapim.com.br\/index.php\/wp-json\/wp\/v2\/categories?post=1954"},{"taxonomy":"post_tag","embeddable":true,"href":"https:\/\/radioclubedeinhapim.com.br\/index.php\/wp-json\/wp\/v2\/tags?post=1954"}],"curies":[{"name":"wp","href":"https:\/\/api.w.org\/{rel}","templated":true}]}}