{"id":2011,"date":"2024-09-28T11:16:01","date_gmt":"2024-09-28T14:16:01","guid":{"rendered":"https:\/\/radioclubedeinhapim.com.br\/?p=2011"},"modified":"2024-09-28T11:20:29","modified_gmt":"2024-09-28T14:20:29","slug":"eleicoes-municipais-nao-terao-voto-em-transito","status":"publish","type":"post","link":"https:\/\/radioclubedeinhapim.com.br\/index.php\/2024\/09\/28\/eleicoes-municipais-nao-terao-voto-em-transito\/","title":{"rendered":"Elei\u00e7\u00f5es municipais n\u00e3o ter\u00e3o voto em tr\u00e2nsito"},"content":{"rendered":"\n<p>Os eleitores que n\u00e3o estiverem em suas cidades no primeiro e segundo turnos das elei\u00e7\u00f5es de outubro n\u00e3o poder\u00e3o votar. A restri\u00e7\u00e3o \u00e9 porque n\u00e3o h\u00e1 possibilidade de voto em tr\u00e2nsito nos pleitos municipais.<img decoding=\"async\" src=\"https:\/\/agenciabrasil.ebc.com.br\/ebc.png?id=1613450&amp;o=node\"><img decoding=\"async\" src=\"https:\/\/agenciabrasil.ebc.com.br\/ebc.gif?id=1613450&amp;o=node\"><\/p>\n\n\n\n<p>O primeiro turno das elei\u00e7\u00f5es ser\u00e1 no dia 6 de outubro. O segundo turno da disputa ser\u00e1 em 27 de outubro nos munic\u00edpios com mais de 200 mil eleitores, nos quais nenhum dos candidatos \u00e0 prefeitura atingiu mais da metade dos votos v\u00e1lidos, exclu\u00eddos os brancos e nulos, no primeiro turno.<\/p>\n\n\n\n<p>Pelas regras eleitorais, o eleitor que n\u00e3o estiver em seu domic\u00edlio eleitoral dever\u00e1 justificar aus\u00eancia na vota\u00e7\u00e3o. O prazo para justificativa \u00e9 de 60 dias ap\u00f3s cada turno, que conta como uma elei\u00e7\u00e3o. Quem n\u00e3o votar no primeiro turno pode votar no segundo.<\/p>\n\n\n\n<p>Deixar de votar e justificar nos dois turnos acarreta em duas faltas. A partir da terceira aus\u00eancia sem justificativa, o eleitor \u00e9 considerado faltoso e pode ter o t\u00edtulo cancelado para as pr\u00f3ximas elei\u00e7\u00f5es. Os eleitores que est\u00e3o no exterior n\u00e3o votam, portanto, n\u00e3o precisam justificar.<\/p>\n\n\n\n<h2 class=\"wp-block-heading\">Como justificar<\/h2>\n\n\n\n<p>No dia da elei\u00e7\u00e3o, o cidad\u00e3o pode fazer sua justificativa de aus\u00eancia por meio do aplicativo e-t\u00edtulo da Justi\u00e7a Eleitoral ou por meio de pontos f\u00edsicos montados pelos tribunais regionais eleitorais (TRE) no dia do pleito. A justificativa tamb\u00e9m pode ser feita ap\u00f3s as elei\u00e7\u00f5es. Nesse caso, o eleitor deve preencher um formul\u00e1rio e entreg\u00e1-lo no cart\u00f3rio eleitoral de sua localidade.<\/p>\n\n\n\n<p class=\"has-small-font-size\">Informa\u00e7\u00f5es: Ag\u00eancia Brasil<\/p>\n\n\n\n<p><\/p>\n","protected":false},"excerpt":{"rendered":"<p>Os eleitores que n\u00e3o estiverem em suas cidades no primeiro e segundo turnos das elei\u00e7\u00f5es de outubro n\u00e3o poder\u00e3o votar. A restri\u00e7\u00e3o \u00e9 porque n\u00e3o h\u00e1 possibilidade de voto em tr\u00e2nsito nos pleitos municipais. O primeiro turno das elei\u00e7\u00f5es ser\u00e1 no dia 6 de outubro. O segundo turno da disputa ser\u00e1 em 27 de outubro [&hellip;]<\/p>\n","protected":false},"author":2,"featured_media":2012,"comment_status":"open","ping_status":"open","sticky":false,"template":"","format":"standard","meta":{"footnotes":""},"categories":[1],"tags":[],"class_list":["post-2011","post","type-post","status-publish","format-standard","has-post-thumbnail","hentry","category-uncategorized"],"wpmagazine_modules_lite_featured_media_urls":{"thumbnail":["https:\/\/radioclubedeinhapim.com.br\/wp-content\/uploads\/2024\/09\/03-150x150.jpg",150,150,true],"cvmm-medium":["https:\/\/radioclubedeinhapim.com.br\/wp-content\/uploads\/2024\/09\/03-300x300.jpg",300,300,true],"cvmm-medium-plus":["https:\/\/radioclubedeinhapim.com.br\/wp-content\/uploads\/2024\/09\/03-305x207.jpg",305,207,true],"cvmm-portrait":["https:\/\/radioclubedeinhapim.com.br\/wp-content\/uploads\/2024\/09\/03-400x600.jpg",400,600,true],"cvmm-medium-square":["https:\/\/radioclubedeinhapim.com.br\/wp-content\/uploads\/2024\/09\/03-600x600.jpg",600,600,true],"cvmm-large":["https:\/\/radioclubedeinhapim.com.br\/wp-content\/uploads\/2024\/09\/03-1024x1024.jpg",1024,1024,true],"cvmm-small":["https:\/\/radioclubedeinhapim.com.br\/wp-content\/uploads\/2024\/09\/03-130x95.jpg",130,95,true],"full":["https:\/\/radioclubedeinhapim.com.br\/wp-content\/uploads\/2024\/09\/03.jpg",1080,1080,false]},"categories_names":{"1":{"name":"Uncategorized","link":"https:\/\/radioclubedeinhapim.com.br\/index.php\/category\/uncategorized\/"}},"tags_names":[],"comments_number":"0","_links":{"self":[{"href":"https:\/\/radioclubedeinhapim.com.br\/index.php\/wp-json\/wp\/v2\/posts\/2011","targetHints":{"allow":["GET"]}}],"collection":[{"href":"https:\/\/radioclubedeinhapim.com.br\/index.php\/wp-json\/wp\/v2\/posts"}],"about":[{"href":"https:\/\/radioclubedeinhapim.com.br\/index.php\/wp-json\/wp\/v2\/types\/post"}],"author":[{"embeddable":true,"href":"https:\/\/radioclubedeinhapim.com.br\/index.php\/wp-json\/wp\/v2\/users\/2"}],"replies":[{"embeddable":true,"href":"https:\/\/radioclubedeinhapim.com.br\/index.php\/wp-json\/wp\/v2\/comments?post=2011"}],"version-history":[{"count":2,"href":"https:\/\/radioclubedeinhapim.com.br\/index.php\/wp-json\/wp\/v2\/posts\/2011\/revisions"}],"predecessor-version":[{"id":2014,"href":"https:\/\/radioclubedeinhapim.com.br\/index.php\/wp-json\/wp\/v2\/posts\/2011\/revisions\/2014"}],"wp:featuredmedia":[{"embeddable":true,"href":"https:\/\/radioclubedeinhapim.com.br\/index.php\/wp-json\/wp\/v2\/media\/2012"}],"wp:attachment":[{"href":"https:\/\/radioclubedeinhapim.com.br\/index.php\/wp-json\/wp\/v2\/media?parent=2011"}],"wp:term":[{"taxonomy":"category","embeddable":true,"href":"https:\/\/radioclubedeinhapim.com.br\/index.php\/wp-json\/wp\/v2\/categories?post=2011"},{"taxonomy":"post_tag","embeddable":true,"href":"https:\/\/radioclubedeinhapim.com.br\/index.php\/wp-json\/wp\/v2\/tags?post=2011"}],"curies":[{"name":"wp","href":"https:\/\/api.w.org\/{rel}","templated":true}]}}