{"id":2018,"date":"2024-09-30T10:39:38","date_gmt":"2024-09-30T13:39:38","guid":{"rendered":"https:\/\/radioclubedeinhapim.com.br\/?p=2018"},"modified":"2024-09-30T10:39:38","modified_gmt":"2024-09-30T13:39:38","slug":"policia-recupera-cabecas-de-gado-em-sao-joao-evangelista","status":"publish","type":"post","link":"https:\/\/radioclubedeinhapim.com.br\/index.php\/2024\/09\/30\/policia-recupera-cabecas-de-gado-em-sao-joao-evangelista\/","title":{"rendered":"Pol\u00edcia recupera cabe\u00e7as de gado em S\u00e3o Jo\u00e3o Evangelista"},"content":{"rendered":"\n<p>Oito bois furtados no C\u00f3rrego dos Coelhos, zona rural de S\u00e3o Jo\u00e3o Evangelista, foram recuperadas pela Pol\u00edcia Militar, nesse s\u00e1bado (28).<\/p>\n\n\n\n<p>Por volta das 06h, um militar recebeu informa\u00e7\u00f5es sobre onde estaria o gado furtado no distrito de Nelson de Sena.<\/p>\n\n\n\n<p>O <a><\/a>furto dos oito animais ocorreu no \u00faltimo dia 15 de setembro e a informa\u00e7\u00e3o era de que os animais poderiam estar na regi\u00e3o do C\u00f3rrego dos Coelhos.<\/p>\n\n\n\n<p>Em contato com o propriet\u00e1rio, testemunhas e atrav\u00e9s de informa\u00e7\u00f5es an\u00f4nimas, os militares realizaram dilig\u00eancias e conseguiram localizar os animais.<\/p>\n\n\n\n<p>Eles estavam em uma mata fechada entre o C\u00f3rrego dos Coelhos e a regi\u00e3o dos Rodrigues. Os animais foram recolhidos e entregues aos cuidados da v\u00edtima do furto.<\/p>\n\n\n\n<p>Segundo den\u00fancia, os outros animais foram encarretados em um caminh\u00e3o de cor branca, sem placa, desconhecido na regi\u00e3o.<\/p>\n\n\n\n<p>Um poss\u00edvel receptador, que segundo pol\u00edcia, \u00e9 conhecido pelo envolvimento com tr\u00e1fico de drogas, roubos e furtos, foi identificado e a PM segue em rastreamento para tentar localiz\u00e1-lo.<\/p>\n\n\n\n<p><a href=\"https:\/\/www.facebook.com\/photo\/?fbid=1341813630151007&amp;set=a.814962612836114&amp;__cft__[0]=AZUw09zFJnGrW_31-OfhVZ52BBNWXKjxV8k9cs8b2N7fw1IvgTC23bLERf0SeWQ0-McwpQXY1_MgVs2sZmX0B8VqPm7zV2Zg_WJaxvOsAXBi71zlCxXqd0tAaQIdhw00FRfV7GfUi84eW8wI-1cf_OY6ktZ18qE2x_avhMJBqZgiO4PIyIKLC5buAxSIrK2xt6oaaUZ36yz2m-jO0lKmaBjA&amp;__tn__=EH-R\"><\/a><\/p>\n\n\n\n<figure class=\"wp-block-image\"><a href=\"https:\/\/www.facebook.com\/photo\/?fbid=1341813630151007&amp;set=a.814962612836114&amp;__cft__[0]=AZUw09zFJnGrW_31-OfhVZ52BBNWXKjxV8k9cs8b2N7fw1IvgTC23bLERf0SeWQ0-McwpQXY1_MgVs2sZmX0B8VqPm7zV2Zg_WJaxvOsAXBi71zlCxXqd0tAaQIdhw00FRfV7GfUi84eW8wI-1cf_OY6ktZ18qE2x_avhMJBqZgiO4PIyIKLC5buAxSIrK2xt6oaaUZ36yz2m-jO0lKmaBjA&amp;__tn__=EH-R\"><img decoding=\"async\" src=\"https:\/\/scontent.fgvr3-1.fna.fbcdn.net\/v\/t39.30808-6\/461584441_1341813633484340_6694433844499663810_n.jpg?stp=dst-jpg_p526x296&amp;_nc_cat=110&amp;ccb=1-7&amp;_nc_sid=127cfc&amp;_nc_ohc=-JUxrusHBy8Q7kNvgEvE-bX&amp;_nc_ht=scontent.fgvr3-1.fna&amp;_nc_gid=AYMTJSHx-vbc9VerWqfqHUy&amp;oh=00_AYD3HLc-712QcjwNNJet6dgM7FVCZDOkCLURCnJuXTuYYQ&amp;oe=670064A6\" alt=\"Pode ser uma imagem de texto\"\/><\/a><\/figure>\n\n\n\n<p>Ver insights<\/p>\n\n\n\n<p>Turbinar uma publica\u00e7\u00e3o<\/p>\n\n\n\n\n\n<p>Todas as rea\u00e7\u00f5es:<\/p>\n\n\n\n<p>11<\/p>\n","protected":false},"excerpt":{"rendered":"<p>Oito bois furtados no C\u00f3rrego dos Coelhos, zona rural de S\u00e3o Jo\u00e3o Evangelista, foram recuperadas pela Pol\u00edcia Militar, nesse s\u00e1bado (28). Por volta das 06h, um militar recebeu informa\u00e7\u00f5es sobre onde estaria o gado furtado no distrito de Nelson de Sena. O furto dos oito animais ocorreu no \u00faltimo dia 15 de setembro e a [&hellip;]<\/p>\n","protected":false},"author":2,"featured_media":2026,"comment_status":"open","ping_status":"open","sticky":false,"template":"","format":"standard","meta":{"footnotes":""},"categories":[5],"tags":[],"class_list":["post-2018","post","type-post","status-publish","format-standard","has-post-thumbnail","hentry","category-noticias"],"wpmagazine_modules_lite_featured_media_urls":{"thumbnail":["https:\/\/radioclubedeinhapim.com.br\/wp-content\/uploads\/2024\/09\/Copia-de-Inserir-um-subtitulo-2024-09-30T091056.875-150x150.jpg",150,150,true],"cvmm-medium":["https:\/\/radioclubedeinhapim.com.br\/wp-content\/uploads\/2024\/09\/Copia-de-Inserir-um-subtitulo-2024-09-30T091056.875-300x300.jpg",300,300,true],"cvmm-medium-plus":["https:\/\/radioclubedeinhapim.com.br\/wp-content\/uploads\/2024\/09\/Copia-de-Inserir-um-subtitulo-2024-09-30T091056.875-305x207.jpg",305,207,true],"cvmm-portrait":["https:\/\/radioclubedeinhapim.com.br\/wp-content\/uploads\/2024\/09\/Copia-de-Inserir-um-subtitulo-2024-09-30T091056.875-400x600.jpg",400,600,true],"cvmm-medium-square":["https:\/\/radioclubedeinhapim.com.br\/wp-content\/uploads\/2024\/09\/Copia-de-Inserir-um-subtitulo-2024-09-30T091056.875-600x600.jpg",600,600,true],"cvmm-large":["https:\/\/radioclubedeinhapim.com.br\/wp-content\/uploads\/2024\/09\/Copia-de-Inserir-um-subtitulo-2024-09-30T091056.875-1024x1024.jpg",1024,1024,true],"cvmm-small":["https:\/\/radioclubedeinhapim.com.br\/wp-content\/uploads\/2024\/09\/Copia-de-Inserir-um-subtitulo-2024-09-30T091056.875-130x95.jpg",130,95,true],"full":["https:\/\/radioclubedeinhapim.com.br\/wp-content\/uploads\/2024\/09\/Copia-de-Inserir-um-subtitulo-2024-09-30T091056.875.jpg",1080,1080,false]},"categories_names":{"5":{"name":"Not\u00edcias","link":"https:\/\/radioclubedeinhapim.com.br\/index.php\/category\/noticias\/"}},"tags_names":[],"comments_number":"0","_links":{"self":[{"href":"https:\/\/radioclubedeinhapim.com.br\/index.php\/wp-json\/wp\/v2\/posts\/2018","targetHints":{"allow":["GET"]}}],"collection":[{"href":"https:\/\/radioclubedeinhapim.com.br\/index.php\/wp-json\/wp\/v2\/posts"}],"about":[{"href":"https:\/\/radioclubedeinhapim.com.br\/index.php\/wp-json\/wp\/v2\/types\/post"}],"author":[{"embeddable":true,"href":"https:\/\/radioclubedeinhapim.com.br\/index.php\/wp-json\/wp\/v2\/users\/2"}],"replies":[{"embeddable":true,"href":"https:\/\/radioclubedeinhapim.com.br\/index.php\/wp-json\/wp\/v2\/comments?post=2018"}],"version-history":[{"count":1,"href":"https:\/\/radioclubedeinhapim.com.br\/index.php\/wp-json\/wp\/v2\/posts\/2018\/revisions"}],"predecessor-version":[{"id":2027,"href":"https:\/\/radioclubedeinhapim.com.br\/index.php\/wp-json\/wp\/v2\/posts\/2018\/revisions\/2027"}],"wp:featuredmedia":[{"embeddable":true,"href":"https:\/\/radioclubedeinhapim.com.br\/index.php\/wp-json\/wp\/v2\/media\/2026"}],"wp:attachment":[{"href":"https:\/\/radioclubedeinhapim.com.br\/index.php\/wp-json\/wp\/v2\/media?parent=2018"}],"wp:term":[{"taxonomy":"category","embeddable":true,"href":"https:\/\/radioclubedeinhapim.com.br\/index.php\/wp-json\/wp\/v2\/categories?post=2018"},{"taxonomy":"post_tag","embeddable":true,"href":"https:\/\/radioclubedeinhapim.com.br\/index.php\/wp-json\/wp\/v2\/tags?post=2018"}],"curies":[{"name":"wp","href":"https:\/\/api.w.org\/{rel}","templated":true}]}}