{"id":2047,"date":"2024-10-01T08:46:57","date_gmt":"2024-10-01T11:46:57","guid":{"rendered":"https:\/\/radioclubedeinhapim.com.br\/?p=2047"},"modified":"2024-10-01T08:46:57","modified_gmt":"2024-10-01T11:46:57","slug":"os-candidatos-a-prefeito-da-cidade-de-inhapim-participarao-do-giro-da-noticia-amanha-a-partir-de-12h10","status":"publish","type":"post","link":"https:\/\/radioclubedeinhapim.com.br\/index.php\/2024\/10\/01\/os-candidatos-a-prefeito-da-cidade-de-inhapim-participarao-do-giro-da-noticia-amanha-a-partir-de-12h10\/","title":{"rendered":"Os candidatos a prefeito da cidade de Inhapim participar\u00e3o do Giro da Not\u00edcia amanh\u00e3 a partir de 12h10"},"content":{"rendered":"\n<p>Na tarde da pr\u00f3xima ter\u00e7a-feira, 01 de outubro de 2024, a R\u00e1dio Cube de Inhapim receber\u00e1 os candidatos ao cargo de prefeito da cidade de Inhapim, Mysson Henrique de Ara\u00fajo e Silva que \u00e9 candidato pelo PSD(Partido Social Democr\u00e1tico) e Sandro Adriano Oliveira Silva, candidato pelo MDB(Movimento Democr\u00e1tico Brasileiro).<\/p>\n\n\n\n<p>Cada candidato ter\u00e1 10 minutos dispon\u00edveis para apresentar <a><\/a>seu plano de governo aos eleitores de Inhapim.<\/p>\n\n\n\n<p>O programa &#8221;Giro da not\u00edcia&#8221; \u00e9 o principal programa jornal\u00edstico de nossa regi\u00e3o, que vai ao ar de segunda \u00e0 sexta-feira, sempre ao meio dia, por\u00e9m durante o per\u00edodo eleitoral est\u00e1 se iniciando as 12H10, ap\u00f3s a propaganda eleitoral gratuita, o programa \u00e9 comandado por Jos\u00e9 Carlos Silva.<\/p>\n\n\n\n<p>Sintonize seu r\u00e1dio na frequ\u00eancia 98,5 FM e n\u00e3o perca, amanh\u00e3 12h10 Giro da Noticia, voc\u00ea poder\u00e1 acompanhar ainda atrav\u00e9s do nosso site <a href=\"https:\/\/l.facebook.com\/l.php?u=http%3A%2F%2Fwww.radioclubedeinhapim.com.br%2F%3Ffbclid%3DIwZXh0bgNhZW0CMTAAAR0NTTxLnGWdhhzkd4TmRS-UpFBiULgKG0G7BMiATIKkmSYHmmMmZI-byw4_aem_KNzc4Rz1rYScv-CPn0SvIg&amp;h=AT365m3Fni4b4-SDAAqFaDrtrh23toGtC2e1kQQxr4q2KI-gftRrhoOFc0YGgqyYx_0KikDqBue3xVIVEZqdO-r6m-IXRMRXlPLn4Wn_wlGIbCQR2PhApv14bob0LHO5903_&amp;__tn__=-UK-R&amp;c[0]=AT01gjAXCFE2NLEkoREYiBO2_jVJPH20fCgS-YtJ_Njm0nEAQVIUmnsf3-mLAeFL3T0NhldQeSO6xtsSu-waFRHhp0_Jf32UR5w84H3NRmgmxrDZL8_-rKuIKIDCZrjkBW40gILjZ7CCmkreqr7t75bqBTfqZrZ90obgzEyyvuo8K5S6-Oi2gmBHmTkHtxDIha1uKsYM3wTuEC1avY_YLRmbVbIE\" rel=\"noreferrer noopener\" target=\"_blank\">www.radioclubedeinhapim.com.br<\/a> ou pelo nosso APP R\u00e1dio Clube de Inhapim.<\/p>\n","protected":false},"excerpt":{"rendered":"<p>Na tarde da pr\u00f3xima ter\u00e7a-feira, 01 de outubro de 2024, a R\u00e1dio Cube de Inhapim receber\u00e1 os candidatos ao cargo de prefeito da cidade de Inhapim, Mysson Henrique de Ara\u00fajo e Silva que \u00e9 candidato pelo PSD(Partido Social Democr\u00e1tico) e Sandro Adriano Oliveira Silva, candidato pelo MDB(Movimento Democr\u00e1tico Brasileiro). Cada candidato ter\u00e1 10 minutos dispon\u00edveis [&hellip;]<\/p>\n","protected":false},"author":2,"featured_media":2048,"comment_status":"open","ping_status":"open","sticky":false,"template":"","format":"standard","meta":{"footnotes":""},"categories":[5],"tags":[20,18,22],"class_list":["post-2047","post","type-post","status-publish","format-standard","has-post-thumbnail","hentry","category-noticias","tag-debate","tag-prefeito","tag-sandro"],"wpmagazine_modules_lite_featured_media_urls":{"thumbnail":["https:\/\/radioclubedeinhapim.com.br\/wp-content\/uploads\/2024\/10\/2-150x150.jpg",150,150,true],"cvmm-medium":["https:\/\/radioclubedeinhapim.com.br\/wp-content\/uploads\/2024\/10\/2-300x300.jpg",300,300,true],"cvmm-medium-plus":["https:\/\/radioclubedeinhapim.com.br\/wp-content\/uploads\/2024\/10\/2-305x207.jpg",305,207,true],"cvmm-portrait":["https:\/\/radioclubedeinhapim.com.br\/wp-content\/uploads\/2024\/10\/2-400x526.jpg",400,526,true],"cvmm-medium-square":["https:\/\/radioclubedeinhapim.com.br\/wp-content\/uploads\/2024\/10\/2.jpg",526,526,false],"cvmm-large":["https:\/\/radioclubedeinhapim.com.br\/wp-content\/uploads\/2024\/10\/2.jpg",526,526,false],"cvmm-small":["https:\/\/radioclubedeinhapim.com.br\/wp-content\/uploads\/2024\/10\/2-130x95.jpg",130,95,true],"full":["https:\/\/radioclubedeinhapim.com.br\/wp-content\/uploads\/2024\/10\/2.jpg",526,526,false]},"categories_names":{"5":{"name":"Not\u00edcias","link":"https:\/\/radioclubedeinhapim.com.br\/index.php\/category\/noticias\/"}},"tags_names":{"20":{"name":"debate","link":"https:\/\/radioclubedeinhapim.com.br\/index.php\/tag\/debate\/"},"18":{"name":"prefeito","link":"https:\/\/radioclubedeinhapim.com.br\/index.php\/tag\/prefeito\/"},"22":{"name":"sandro","link":"https:\/\/radioclubedeinhapim.com.br\/index.php\/tag\/sandro\/"}},"comments_number":"0","_links":{"self":[{"href":"https:\/\/radioclubedeinhapim.com.br\/index.php\/wp-json\/wp\/v2\/posts\/2047","targetHints":{"allow":["GET"]}}],"collection":[{"href":"https:\/\/radioclubedeinhapim.com.br\/index.php\/wp-json\/wp\/v2\/posts"}],"about":[{"href":"https:\/\/radioclubedeinhapim.com.br\/index.php\/wp-json\/wp\/v2\/types\/post"}],"author":[{"embeddable":true,"href":"https:\/\/radioclubedeinhapim.com.br\/index.php\/wp-json\/wp\/v2\/users\/2"}],"replies":[{"embeddable":true,"href":"https:\/\/radioclubedeinhapim.com.br\/index.php\/wp-json\/wp\/v2\/comments?post=2047"}],"version-history":[{"count":1,"href":"https:\/\/radioclubedeinhapim.com.br\/index.php\/wp-json\/wp\/v2\/posts\/2047\/revisions"}],"predecessor-version":[{"id":2049,"href":"https:\/\/radioclubedeinhapim.com.br\/index.php\/wp-json\/wp\/v2\/posts\/2047\/revisions\/2049"}],"wp:featuredmedia":[{"embeddable":true,"href":"https:\/\/radioclubedeinhapim.com.br\/index.php\/wp-json\/wp\/v2\/media\/2048"}],"wp:attachment":[{"href":"https:\/\/radioclubedeinhapim.com.br\/index.php\/wp-json\/wp\/v2\/media?parent=2047"}],"wp:term":[{"taxonomy":"category","embeddable":true,"href":"https:\/\/radioclubedeinhapim.com.br\/index.php\/wp-json\/wp\/v2\/categories?post=2047"},{"taxonomy":"post_tag","embeddable":true,"href":"https:\/\/radioclubedeinhapim.com.br\/index.php\/wp-json\/wp\/v2\/tags?post=2047"}],"curies":[{"name":"wp","href":"https:\/\/api.w.org\/{rel}","templated":true}]}}