{"id":2228,"date":"2024-10-09T10:51:11","date_gmt":"2024-10-09T13:51:11","guid":{"rendered":"https:\/\/radioclubedeinhapim.com.br\/?p=2228"},"modified":"2024-10-09T10:51:11","modified_gmt":"2024-10-09T13:51:11","slug":"inflacao-energia-e-alimentos-puxam-alta-de-044-do-ipca-em-setembro","status":"publish","type":"post","link":"https:\/\/radioclubedeinhapim.com.br\/index.php\/2024\/10\/09\/inflacao-energia-e-alimentos-puxam-alta-de-044-do-ipca-em-setembro\/","title":{"rendered":"Infla\u00e7\u00e3o: energia e alimentos puxam alta de 0,44% do IPCA em setembro"},"content":{"rendered":"\n<p>O \u00cdndice Nacional de Pre\u00e7os ao Consumidor Amplo (IPCA), que mede a infla\u00e7\u00e3o no Brasil, registrou uma alta de 0,44% em setembro, conforme divulgado pelo Instituto Brasileiro Geografia e Estat\u00edstica (IBGE) nesta quarta-feira (09).<\/p>\n\n\n\n<p>O n\u00famero representa um aumento em rela\u00e7\u00e3o ao m\u00eas anterior, agosto, quando a infla\u00e7\u00e3o no pa\u00eds registrou queda de -0,02%. No acumulado do ano, a infla\u00e7\u00e3o j\u00e1 soma 3,31% e, nos \u00faltimos 12 <a><\/a>meses, alcan\u00e7ou 4,42%, superando a taxa de 4,24% registrada no ano passado.<\/p>\n\n\n\n<p>Luz e alimentos: vil\u00f5es da infla\u00e7\u00e3o<\/p>\n\n\n\n<p>Dos nove grupos de produtos e servi\u00e7os analisados, dois se destacaram como os principais respons\u00e1veis pela alta de setembro: Habita\u00e7\u00e3o e Alimenta\u00e7\u00e3o e Bebidas. O setor de habita\u00e7\u00e3o teve um aumento expressivo de 1,80%, contribuindo com 0,27 pontos percentuais para o \u00edndice geral. J\u00e1 a alimenta\u00e7\u00e3o e bebidas teve um impacto menor, mas ainda relevante, de 0,50%, somando 0,11 pontos percentuais.<\/p>\n\n\n\n<p>Em contraste, o grupo de Despesas Pessoais registrou uma queda de -0,31%.<\/p>\n\n\n\n<p>O que est\u00e1 mais caro?<\/p>\n\n\n\n<p>Dentro do grupo de Habita\u00e7\u00e3o, a conta de luz foi a principal respons\u00e1vel pelo aumento, passando de uma queda de -2,77% em agosto para uma alta de 5,36% em setembro, devido \u00e0 bandeira tarif\u00e1ria vermelha, que aumenta o custo da energia. Tamb\u00e9m houve reajustes nas tarifas de \u00e1gua e esgoto em diversas cidades, como Fortaleza e Salvador.<\/p>\n\n\n\n<p>Na alimenta\u00e7\u00e3o, os pre\u00e7os no mercado subiram 0,56%, ap\u00f3s dois meses de queda. Os aumentos mais not\u00e1veis foram nos pre\u00e7os do mam\u00e3o (10,34%), da laranja (10,02%) e do caf\u00e9 (4,02%). Em contrapartida, itens como cebola e tomate tiveram quedas significativas.<\/p>\n\n\n\n<p>Transporte e Varia\u00e7\u00f5es Regionais<\/p>\n\n\n\n<p>No setor de transportes, a alta de 0,14% foi puxada principalmente pelo aumento das passagens a\u00e9reas, que subiram 4,64%. Os combust\u00edveis, por outro lado, apresentaram uma leve queda, com a gasolina caindo 0,12%.<\/p>\n\n\n\n<p>Regionalmente, Goi\u00e2nia foi a cidade com a maior infla\u00e7\u00e3o, com 1,08%, influenciada pela alta nos pre\u00e7os da gasolina e da energia el\u00e9trica. J\u00e1 Aracaju teve a menor varia\u00e7\u00e3o, de apenas 0,07%, beneficiada pela queda nos pre\u00e7os de cebola e tomate.<\/p>\n","protected":false},"excerpt":{"rendered":"<p>O \u00cdndice Nacional de Pre\u00e7os ao Consumidor Amplo (IPCA), que mede a infla\u00e7\u00e3o no Brasil, registrou uma alta de 0,44% em setembro, conforme divulgado pelo Instituto Brasileiro Geografia e Estat\u00edstica (IBGE) nesta quarta-feira (09). O n\u00famero representa um aumento em rela\u00e7\u00e3o ao m\u00eas anterior, agosto, quando a infla\u00e7\u00e3o no pa\u00eds registrou queda de -0,02%. No [&hellip;]<\/p>\n","protected":false},"author":2,"featured_media":2225,"comment_status":"open","ping_status":"open","sticky":false,"template":"","format":"standard","meta":{"footnotes":""},"categories":[5],"tags":[],"class_list":["post-2228","post","type-post","status-publish","format-standard","has-post-thumbnail","hentry","category-noticias"],"wpmagazine_modules_lite_featured_media_urls":{"thumbnail":["https:\/\/radioclubedeinhapim.com.br\/wp-content\/uploads\/2024\/10\/Copia-de-Inserir-um-subtitulo-2024-10-09T100519.045-150x150.jpg",150,150,true],"cvmm-medium":["https:\/\/radioclubedeinhapim.com.br\/wp-content\/uploads\/2024\/10\/Copia-de-Inserir-um-subtitulo-2024-10-09T100519.045-300x300.jpg",300,300,true],"cvmm-medium-plus":["https:\/\/radioclubedeinhapim.com.br\/wp-content\/uploads\/2024\/10\/Copia-de-Inserir-um-subtitulo-2024-10-09T100519.045-305x207.jpg",305,207,true],"cvmm-portrait":["https:\/\/radioclubedeinhapim.com.br\/wp-content\/uploads\/2024\/10\/Copia-de-Inserir-um-subtitulo-2024-10-09T100519.045-400x600.jpg",400,600,true],"cvmm-medium-square":["https:\/\/radioclubedeinhapim.com.br\/wp-content\/uploads\/2024\/10\/Copia-de-Inserir-um-subtitulo-2024-10-09T100519.045-600x600.jpg",600,600,true],"cvmm-large":["https:\/\/radioclubedeinhapim.com.br\/wp-content\/uploads\/2024\/10\/Copia-de-Inserir-um-subtitulo-2024-10-09T100519.045-1024x1024.jpg",1024,1024,true],"cvmm-small":["https:\/\/radioclubedeinhapim.com.br\/wp-content\/uploads\/2024\/10\/Copia-de-Inserir-um-subtitulo-2024-10-09T100519.045-130x95.jpg",130,95,true],"full":["https:\/\/radioclubedeinhapim.com.br\/wp-content\/uploads\/2024\/10\/Copia-de-Inserir-um-subtitulo-2024-10-09T100519.045.jpg",1080,1080,false]},"categories_names":{"5":{"name":"Not\u00edcias","link":"https:\/\/radioclubedeinhapim.com.br\/index.php\/category\/noticias\/"}},"tags_names":[],"comments_number":"0","_links":{"self":[{"href":"https:\/\/radioclubedeinhapim.com.br\/index.php\/wp-json\/wp\/v2\/posts\/2228","targetHints":{"allow":["GET"]}}],"collection":[{"href":"https:\/\/radioclubedeinhapim.com.br\/index.php\/wp-json\/wp\/v2\/posts"}],"about":[{"href":"https:\/\/radioclubedeinhapim.com.br\/index.php\/wp-json\/wp\/v2\/types\/post"}],"author":[{"embeddable":true,"href":"https:\/\/radioclubedeinhapim.com.br\/index.php\/wp-json\/wp\/v2\/users\/2"}],"replies":[{"embeddable":true,"href":"https:\/\/radioclubedeinhapim.com.br\/index.php\/wp-json\/wp\/v2\/comments?post=2228"}],"version-history":[{"count":1,"href":"https:\/\/radioclubedeinhapim.com.br\/index.php\/wp-json\/wp\/v2\/posts\/2228\/revisions"}],"predecessor-version":[{"id":2229,"href":"https:\/\/radioclubedeinhapim.com.br\/index.php\/wp-json\/wp\/v2\/posts\/2228\/revisions\/2229"}],"wp:featuredmedia":[{"embeddable":true,"href":"https:\/\/radioclubedeinhapim.com.br\/index.php\/wp-json\/wp\/v2\/media\/2225"}],"wp:attachment":[{"href":"https:\/\/radioclubedeinhapim.com.br\/index.php\/wp-json\/wp\/v2\/media?parent=2228"}],"wp:term":[{"taxonomy":"category","embeddable":true,"href":"https:\/\/radioclubedeinhapim.com.br\/index.php\/wp-json\/wp\/v2\/categories?post=2228"},{"taxonomy":"post_tag","embeddable":true,"href":"https:\/\/radioclubedeinhapim.com.br\/index.php\/wp-json\/wp\/v2\/tags?post=2228"}],"curies":[{"name":"wp","href":"https:\/\/api.w.org\/{rel}","templated":true}]}}