{"id":2256,"date":"2024-10-11T12:44:43","date_gmt":"2024-10-11T15:44:43","guid":{"rendered":"https:\/\/radioclubedeinhapim.com.br\/?p=2256"},"modified":"2024-10-11T12:44:43","modified_gmt":"2024-10-11T15:44:43","slug":"ministerio-publico-denuncia-homem-por-perseguicao-importunacao-sexual-e-corrupcao-de-menores-em-inhapim","status":"publish","type":"post","link":"https:\/\/radioclubedeinhapim.com.br\/index.php\/2024\/10\/11\/ministerio-publico-denuncia-homem-por-perseguicao-importunacao-sexual-e-corrupcao-de-menores-em-inhapim\/","title":{"rendered":"Minist\u00e9rio P\u00fablico denuncia homem por persegui\u00e7\u00e3o, importuna\u00e7\u00e3o sexual e corrup\u00e7\u00e3o de menores em Inhapim"},"content":{"rendered":"\n<p>O Minist\u00e9rio P\u00fablico de Minas Gerais, por meio da 2\u00aa Promotoria de Justi\u00e7a de Inhapim, apresentou uma den\u00fancia contra um homem de 40 anos acusado de persegui\u00e7\u00e3o, importuna\u00e7\u00e3o sexual e corrup\u00e7\u00e3o de menores, crimes cometidos contra uma adolescente de 12 anos. A den\u00fancia foi formalizada pelo Promotor de Justi\u00e7a Jonas Junio Linhares Costa Monteiro.<\/p>\n\n\n\n<p>De acordo com o MP, os crimes <a><\/a>ocorreram no dia 15 de agosto de 2024, por volta das 18h, no munic\u00edpio de Inhapim, Minas Gerais. Segundo a acusa\u00e7\u00e3o, o homem teria praticado atos de persegui\u00e7\u00e3o, previstos no artigo 147-A do C\u00f3digo Penal, al\u00e9m de importuna\u00e7\u00e3o sexual (art. 215-A) e corrup\u00e7\u00e3o de menores (art. 218), envolvendo a jovem v\u00edtima.<\/p>\n\n\n\n<p>O caso ser\u00e1 julgado na 1\u00aa Vara de Inhapim, onde o processo seguir\u00e1 seu tr\u00e2mite legal. Se condenado, o acusado poder\u00e1 cumprir pena de 3 a 12 anos de reclus\u00e3o, em regime fechado, devido \u00e0 gravidade dos crimes cometidos.<\/p>\n\n\n\n<p>Para o Promotor de Justi\u00e7a Jonas Junio Linhares Costa Monteiro, a den\u00fancia representa um passo importante no combate \u00e0 impunidade e \u00e0 prote\u00e7\u00e3o das v\u00edtimas de crimes graves, em especial, os relacionados \u00e0 viol\u00eancia sexual contra mulheres e menores de idade. De acordo com o promotor, medidas como essa s\u00e3o essenciais para garantir que crimes dessa natureza sejam devidamente punidos e para que as v\u00edtimas tenham acesso \u00e0 justi\u00e7a.<\/p>\n\n\n\n<p>O processo \u00e9 mais um reflexo do compromisso do Minist\u00e9rio P\u00fablico em atuar de forma incisiva contra a criminalidade, principalmente no que diz respeito \u00e0 prote\u00e7\u00e3o de crian\u00e7as e adolescentes, segmentos vulner\u00e1veis da sociedade.<\/p>\n","protected":false},"excerpt":{"rendered":"<p>O Minist\u00e9rio P\u00fablico de Minas Gerais, por meio da 2\u00aa Promotoria de Justi\u00e7a de Inhapim, apresentou uma den\u00fancia contra um homem de 40 anos acusado de persegui\u00e7\u00e3o, importuna\u00e7\u00e3o sexual e corrup\u00e7\u00e3o de menores, crimes cometidos contra uma adolescente de 12 anos. A den\u00fancia foi formalizada pelo Promotor de Justi\u00e7a Jonas Junio Linhares Costa Monteiro. De [&hellip;]<\/p>\n","protected":false},"author":2,"featured_media":2257,"comment_status":"open","ping_status":"open","sticky":false,"template":"","format":"standard","meta":{"footnotes":""},"categories":[5],"tags":[],"class_list":["post-2256","post","type-post","status-publish","format-standard","has-post-thumbnail","hentry","category-noticias"],"wpmagazine_modules_lite_featured_media_urls":{"thumbnail":["https:\/\/radioclubedeinhapim.com.br\/wp-content\/uploads\/2024\/10\/Copia-de-Inserir-um-subtitulo-2024-10-11T093845.865-150x150.jpg",150,150,true],"cvmm-medium":["https:\/\/radioclubedeinhapim.com.br\/wp-content\/uploads\/2024\/10\/Copia-de-Inserir-um-subtitulo-2024-10-11T093845.865-300x300.jpg",300,300,true],"cvmm-medium-plus":["https:\/\/radioclubedeinhapim.com.br\/wp-content\/uploads\/2024\/10\/Copia-de-Inserir-um-subtitulo-2024-10-11T093845.865-305x207.jpg",305,207,true],"cvmm-portrait":["https:\/\/radioclubedeinhapim.com.br\/wp-content\/uploads\/2024\/10\/Copia-de-Inserir-um-subtitulo-2024-10-11T093845.865-400x600.jpg",400,600,true],"cvmm-medium-square":["https:\/\/radioclubedeinhapim.com.br\/wp-content\/uploads\/2024\/10\/Copia-de-Inserir-um-subtitulo-2024-10-11T093845.865-600x600.jpg",600,600,true],"cvmm-large":["https:\/\/radioclubedeinhapim.com.br\/wp-content\/uploads\/2024\/10\/Copia-de-Inserir-um-subtitulo-2024-10-11T093845.865-1024x1024.jpg",1024,1024,true],"cvmm-small":["https:\/\/radioclubedeinhapim.com.br\/wp-content\/uploads\/2024\/10\/Copia-de-Inserir-um-subtitulo-2024-10-11T093845.865-130x95.jpg",130,95,true],"full":["https:\/\/radioclubedeinhapim.com.br\/wp-content\/uploads\/2024\/10\/Copia-de-Inserir-um-subtitulo-2024-10-11T093845.865.jpg",1080,1080,false]},"categories_names":{"5":{"name":"Not\u00edcias","link":"https:\/\/radioclubedeinhapim.com.br\/index.php\/category\/noticias\/"}},"tags_names":[],"comments_number":"0","_links":{"self":[{"href":"https:\/\/radioclubedeinhapim.com.br\/index.php\/wp-json\/wp\/v2\/posts\/2256","targetHints":{"allow":["GET"]}}],"collection":[{"href":"https:\/\/radioclubedeinhapim.com.br\/index.php\/wp-json\/wp\/v2\/posts"}],"about":[{"href":"https:\/\/radioclubedeinhapim.com.br\/index.php\/wp-json\/wp\/v2\/types\/post"}],"author":[{"embeddable":true,"href":"https:\/\/radioclubedeinhapim.com.br\/index.php\/wp-json\/wp\/v2\/users\/2"}],"replies":[{"embeddable":true,"href":"https:\/\/radioclubedeinhapim.com.br\/index.php\/wp-json\/wp\/v2\/comments?post=2256"}],"version-history":[{"count":1,"href":"https:\/\/radioclubedeinhapim.com.br\/index.php\/wp-json\/wp\/v2\/posts\/2256\/revisions"}],"predecessor-version":[{"id":2258,"href":"https:\/\/radioclubedeinhapim.com.br\/index.php\/wp-json\/wp\/v2\/posts\/2256\/revisions\/2258"}],"wp:featuredmedia":[{"embeddable":true,"href":"https:\/\/radioclubedeinhapim.com.br\/index.php\/wp-json\/wp\/v2\/media\/2257"}],"wp:attachment":[{"href":"https:\/\/radioclubedeinhapim.com.br\/index.php\/wp-json\/wp\/v2\/media?parent=2256"}],"wp:term":[{"taxonomy":"category","embeddable":true,"href":"https:\/\/radioclubedeinhapim.com.br\/index.php\/wp-json\/wp\/v2\/categories?post=2256"},{"taxonomy":"post_tag","embeddable":true,"href":"https:\/\/radioclubedeinhapim.com.br\/index.php\/wp-json\/wp\/v2\/tags?post=2256"}],"curies":[{"name":"wp","href":"https:\/\/api.w.org\/{rel}","templated":true}]}}