{"id":2451,"date":"2024-10-24T11:23:23","date_gmt":"2024-10-24T14:23:23","guid":{"rendered":"https:\/\/radioclubedeinhapim.com.br\/?p=2451"},"modified":"2024-10-24T11:23:23","modified_gmt":"2024-10-24T14:23:23","slug":"homem-que-matou-a-filha-recem-nascida-envenenada-no-municipio-de-coluna-e-condenado-a-18-anos-de-prisao","status":"publish","type":"post","link":"https:\/\/radioclubedeinhapim.com.br\/index.php\/2024\/10\/24\/homem-que-matou-a-filha-recem-nascida-envenenada-no-municipio-de-coluna-e-condenado-a-18-anos-de-prisao\/","title":{"rendered":"Homem que matou a filha rec\u00e9m-nascida envenenada no munic\u00edpio de Coluna \u00e9 condenado a 18 anos de pris\u00e3o"},"content":{"rendered":"\n<p>O Tribunal do J\u00fari de S\u00e3o Jo\u00e3o Evangelista condenou ontem, 22 de outubro, a 18 anos de pris\u00e3o um pai que assassinou a filha rec\u00e9m-nascida no munic\u00edpio de Coluna, no Vale do Rio Doce, em 2013. Na den\u00fancia, o Minist\u00e9rio P\u00fablico de Minas Gerais (MPMG) acusou o homem de homic\u00eddio qualificado, praticado contra descendente, com emprego de veneno e contra crian\u00e7a. Pelo MPMG, atuou no Tribunal do J\u00fari a promotora de Justi\u00e7a Renata Marra Toledo.<\/p>\n\n\n\n<p>Segundo a Promotoria de Justi\u00e7a de S\u00e3o Jo\u00e3o Evangelista, o crime foi cometido em 20 de abril de 2013, no hospital municipal de Coluna, logo ap\u00f3s o nascimento prematuro da filha. Consta na den\u00fancia que, enquanto a m\u00e3e e a crian\u00e7a recebiam os cuidados no hospital, o homem foi at\u00e9 a fazenda onde trabalhava para buscar pesticida. E que, ap\u00f3s retornar ao hospital, em momento que ficou a s\u00f3s com a filha, borrifou o veneno em sua boca.<\/p>\n\n\n\n<p>Pouco tempo depois, a beb\u00ea come\u00e7ou a vomitar o pesticida. Nesse momento uma enfermeira percebeu que algo estava errado e acionou a equipe m\u00e9dica que iniciou os trabalhos para reanimar a crian\u00e7a que apresentava quadro de asfixia. \u201cOs esfor\u00e7os, contudo, foram em v\u00e3o vindo a crian\u00e7a a falecer em raz\u00e3o do envenenamento, a caminho de um hospital em Diamantina\u201d, afirma trecho da den\u00fancia.<\/p>\n\n\n\n<p>De acordo com a Promotoria de Justi\u00e7a, um dia antes do parto, o homem deu uma subst\u00e2ncia esverdeada para a companheira tomar. Horas depois, ela come\u00e7ou a passar mal, tendo que ser levada ao hospital. E ap\u00f3s entrar em trabalho de parto, a mulher pariu a crian\u00e7a com sete meses de gesta\u00e7\u00e3o. Al\u00e9m disso, a mulher relatou no processo que tentou esconder a gravidez do companheiro com medo da rea\u00e7\u00e3o dele. E que assim que ele soube come\u00e7ou a apertar a sua barriga com a inten\u00e7\u00e3o de machucar o feto.<\/p>\n\n\n\n<p>MPMG<\/p>\n","protected":false},"excerpt":{"rendered":"<p>O Tribunal do J\u00fari de S\u00e3o Jo\u00e3o Evangelista condenou ontem, 22 de outubro, a 18 anos de pris\u00e3o um pai que assassinou a filha rec\u00e9m-nascida no munic\u00edpio de Coluna, no Vale do Rio Doce, em 2013. Na den\u00fancia, o Minist\u00e9rio P\u00fablico de Minas Gerais (MPMG) acusou o homem de homic\u00eddio qualificado, praticado contra descendente, com [&hellip;]<\/p>\n","protected":false},"author":2,"featured_media":2452,"comment_status":"open","ping_status":"open","sticky":false,"template":"","format":"standard","meta":{"footnotes":""},"categories":[5],"tags":[],"class_list":["post-2451","post","type-post","status-publish","format-standard","has-post-thumbnail","hentry","category-noticias"],"wpmagazine_modules_lite_featured_media_urls":{"thumbnail":["https:\/\/radioclubedeinhapim.com.br\/wp-content\/uploads\/2024\/10\/Copia-de-Inserir-um-subtitulo-2024-10-24T112232.068-150x150.jpg",150,150,true],"cvmm-medium":["https:\/\/radioclubedeinhapim.com.br\/wp-content\/uploads\/2024\/10\/Copia-de-Inserir-um-subtitulo-2024-10-24T112232.068-300x300.jpg",300,300,true],"cvmm-medium-plus":["https:\/\/radioclubedeinhapim.com.br\/wp-content\/uploads\/2024\/10\/Copia-de-Inserir-um-subtitulo-2024-10-24T112232.068-305x207.jpg",305,207,true],"cvmm-portrait":["https:\/\/radioclubedeinhapim.com.br\/wp-content\/uploads\/2024\/10\/Copia-de-Inserir-um-subtitulo-2024-10-24T112232.068-400x600.jpg",400,600,true],"cvmm-medium-square":["https:\/\/radioclubedeinhapim.com.br\/wp-content\/uploads\/2024\/10\/Copia-de-Inserir-um-subtitulo-2024-10-24T112232.068-600x600.jpg",600,600,true],"cvmm-large":["https:\/\/radioclubedeinhapim.com.br\/wp-content\/uploads\/2024\/10\/Copia-de-Inserir-um-subtitulo-2024-10-24T112232.068-1024x1024.jpg",1024,1024,true],"cvmm-small":["https:\/\/radioclubedeinhapim.com.br\/wp-content\/uploads\/2024\/10\/Copia-de-Inserir-um-subtitulo-2024-10-24T112232.068-130x95.jpg",130,95,true],"full":["https:\/\/radioclubedeinhapim.com.br\/wp-content\/uploads\/2024\/10\/Copia-de-Inserir-um-subtitulo-2024-10-24T112232.068.jpg",1080,1080,false]},"categories_names":{"5":{"name":"Not\u00edcias","link":"https:\/\/radioclubedeinhapim.com.br\/index.php\/category\/noticias\/"}},"tags_names":[],"comments_number":"0","_links":{"self":[{"href":"https:\/\/radioclubedeinhapim.com.br\/index.php\/wp-json\/wp\/v2\/posts\/2451","targetHints":{"allow":["GET"]}}],"collection":[{"href":"https:\/\/radioclubedeinhapim.com.br\/index.php\/wp-json\/wp\/v2\/posts"}],"about":[{"href":"https:\/\/radioclubedeinhapim.com.br\/index.php\/wp-json\/wp\/v2\/types\/post"}],"author":[{"embeddable":true,"href":"https:\/\/radioclubedeinhapim.com.br\/index.php\/wp-json\/wp\/v2\/users\/2"}],"replies":[{"embeddable":true,"href":"https:\/\/radioclubedeinhapim.com.br\/index.php\/wp-json\/wp\/v2\/comments?post=2451"}],"version-history":[{"count":1,"href":"https:\/\/radioclubedeinhapim.com.br\/index.php\/wp-json\/wp\/v2\/posts\/2451\/revisions"}],"predecessor-version":[{"id":2453,"href":"https:\/\/radioclubedeinhapim.com.br\/index.php\/wp-json\/wp\/v2\/posts\/2451\/revisions\/2453"}],"wp:featuredmedia":[{"embeddable":true,"href":"https:\/\/radioclubedeinhapim.com.br\/index.php\/wp-json\/wp\/v2\/media\/2452"}],"wp:attachment":[{"href":"https:\/\/radioclubedeinhapim.com.br\/index.php\/wp-json\/wp\/v2\/media?parent=2451"}],"wp:term":[{"taxonomy":"category","embeddable":true,"href":"https:\/\/radioclubedeinhapim.com.br\/index.php\/wp-json\/wp\/v2\/categories?post=2451"},{"taxonomy":"post_tag","embeddable":true,"href":"https:\/\/radioclubedeinhapim.com.br\/index.php\/wp-json\/wp\/v2\/tags?post=2451"}],"curies":[{"name":"wp","href":"https:\/\/api.w.org\/{rel}","templated":true}]}}