{"id":2466,"date":"2024-10-25T12:49:54","date_gmt":"2024-10-25T15:49:54","guid":{"rendered":"https:\/\/radioclubedeinhapim.com.br\/?p=2466"},"modified":"2024-10-25T12:49:54","modified_gmt":"2024-10-25T15:49:54","slug":"policia-civil-de-mg-e-es-prendem-advogados-suspeitos-de-desviar-milhoes-de-clientes-em-acoes-previdenciarias","status":"publish","type":"post","link":"https:\/\/radioclubedeinhapim.com.br\/index.php\/2024\/10\/25\/policia-civil-de-mg-e-es-prendem-advogados-suspeitos-de-desviar-milhoes-de-clientes-em-acoes-previdenciarias\/","title":{"rendered":"Pol\u00edcia Civil de MG e ES prendem advogados suspeitos de desviar milh\u00f5es de clientes em a\u00e7\u00f5es previdenci\u00e1rias"},"content":{"rendered":"\n<p>A Pol\u00edcia Civil de Minas Gerais, com apoio da Pol\u00edcia Civil do Esp\u00edrito Santo (PCES) e da Pol\u00edcia Militar de Minas Gerais (PMMG), cumpriu nesta manh\u00e3 dois mandados de pris\u00e3o preventiva contra dois advogados, um homem e uma mulher, investigados por apropria\u00e7\u00e3o ind\u00e9bita majorada e organiza\u00e7\u00e3o criminosa.<\/p>\n\n\n\n<p>A pris\u00e3o do advogado ocorreu em Caratinga, ap\u00f3s uma tentativa de fuga <a><\/a>ao saber da pris\u00e3o de sua comparsa em Guarapari. A Pol\u00edcia Militar montou um cerco bloqueio nas rodovias de sa\u00edda de Caratinga, o que permitiu localizar o suspeito escondido em um motel pr\u00f3ximo \u00e0 BR 458. A advogada foi presa pela equipe da PCES em Guarapari\/ES.<\/p>\n\n\n\n<p>O caso envolve dezenas de v\u00edtimas que, ao descobrir que os advogados se apropriavam indevidamente de valores de a\u00e7\u00f5es judiciais em causas previdenci\u00e1rias, procuraram a Delegacia de Caratinga. As quantias desviadas somam milh\u00f5es de reais.<\/p>\n\n\n\n<p>Desde 2008, o escrit\u00f3rio dos investigados teria captado v\u00edtimas para a\u00e7\u00f5es previdenci\u00e1rias, mas, em vez de garantir seus direitos, os advogados teriam se apropriado dos valores dos processos, levantando alvar\u00e1s sem repassar o montante devido.<\/p>\n\n\n\n<p>A Pol\u00edcia Civil de Caratinga solicita que outras poss\u00edveis v\u00edtimas dos advogados procurem a 2\u00aa Delegacia Regional de Caratinga para a instaura\u00e7\u00e3o dos devidos inqu\u00e9ritos, por\u00e9m n\u00e3o informou at\u00e9 o momento a identidade dos advogados.<\/p>\n","protected":false},"excerpt":{"rendered":"<p>A Pol\u00edcia Civil de Minas Gerais, com apoio da Pol\u00edcia Civil do Esp\u00edrito Santo (PCES) e da Pol\u00edcia Militar de Minas Gerais (PMMG), cumpriu nesta manh\u00e3 dois mandados de pris\u00e3o preventiva contra dois advogados, um homem e uma mulher, investigados por apropria\u00e7\u00e3o ind\u00e9bita majorada e organiza\u00e7\u00e3o criminosa. A pris\u00e3o do advogado ocorreu em Caratinga, ap\u00f3s [&hellip;]<\/p>\n","protected":false},"author":2,"featured_media":2467,"comment_status":"open","ping_status":"open","sticky":false,"template":"","format":"standard","meta":{"footnotes":""},"categories":[5],"tags":[],"class_list":["post-2466","post","type-post","status-publish","format-standard","has-post-thumbnail","hentry","category-noticias"],"wpmagazine_modules_lite_featured_media_urls":{"thumbnail":["https:\/\/radioclubedeinhapim.com.br\/wp-content\/uploads\/2024\/10\/464520379_1362392558093114_7218923648181104702_n-150x150.jpg",150,150,true],"cvmm-medium":["https:\/\/radioclubedeinhapim.com.br\/wp-content\/uploads\/2024\/10\/464520379_1362392558093114_7218923648181104702_n-300x300.jpg",300,300,true],"cvmm-medium-plus":["https:\/\/radioclubedeinhapim.com.br\/wp-content\/uploads\/2024\/10\/464520379_1362392558093114_7218923648181104702_n-305x207.jpg",305,207,true],"cvmm-portrait":["https:\/\/radioclubedeinhapim.com.br\/wp-content\/uploads\/2024\/10\/464520379_1362392558093114_7218923648181104702_n-400x526.jpg",400,526,true],"cvmm-medium-square":["https:\/\/radioclubedeinhapim.com.br\/wp-content\/uploads\/2024\/10\/464520379_1362392558093114_7218923648181104702_n.jpg",526,526,false],"cvmm-large":["https:\/\/radioclubedeinhapim.com.br\/wp-content\/uploads\/2024\/10\/464520379_1362392558093114_7218923648181104702_n.jpg",526,526,false],"cvmm-small":["https:\/\/radioclubedeinhapim.com.br\/wp-content\/uploads\/2024\/10\/464520379_1362392558093114_7218923648181104702_n-130x95.jpg",130,95,true],"full":["https:\/\/radioclubedeinhapim.com.br\/wp-content\/uploads\/2024\/10\/464520379_1362392558093114_7218923648181104702_n.jpg",526,526,false]},"categories_names":{"5":{"name":"Not\u00edcias","link":"https:\/\/radioclubedeinhapim.com.br\/index.php\/category\/noticias\/"}},"tags_names":[],"comments_number":"0","_links":{"self":[{"href":"https:\/\/radioclubedeinhapim.com.br\/index.php\/wp-json\/wp\/v2\/posts\/2466","targetHints":{"allow":["GET"]}}],"collection":[{"href":"https:\/\/radioclubedeinhapim.com.br\/index.php\/wp-json\/wp\/v2\/posts"}],"about":[{"href":"https:\/\/radioclubedeinhapim.com.br\/index.php\/wp-json\/wp\/v2\/types\/post"}],"author":[{"embeddable":true,"href":"https:\/\/radioclubedeinhapim.com.br\/index.php\/wp-json\/wp\/v2\/users\/2"}],"replies":[{"embeddable":true,"href":"https:\/\/radioclubedeinhapim.com.br\/index.php\/wp-json\/wp\/v2\/comments?post=2466"}],"version-history":[{"count":1,"href":"https:\/\/radioclubedeinhapim.com.br\/index.php\/wp-json\/wp\/v2\/posts\/2466\/revisions"}],"predecessor-version":[{"id":2468,"href":"https:\/\/radioclubedeinhapim.com.br\/index.php\/wp-json\/wp\/v2\/posts\/2466\/revisions\/2468"}],"wp:featuredmedia":[{"embeddable":true,"href":"https:\/\/radioclubedeinhapim.com.br\/index.php\/wp-json\/wp\/v2\/media\/2467"}],"wp:attachment":[{"href":"https:\/\/radioclubedeinhapim.com.br\/index.php\/wp-json\/wp\/v2\/media?parent=2466"}],"wp:term":[{"taxonomy":"category","embeddable":true,"href":"https:\/\/radioclubedeinhapim.com.br\/index.php\/wp-json\/wp\/v2\/categories?post=2466"},{"taxonomy":"post_tag","embeddable":true,"href":"https:\/\/radioclubedeinhapim.com.br\/index.php\/wp-json\/wp\/v2\/tags?post=2466"}],"curies":[{"name":"wp","href":"https:\/\/api.w.org\/{rel}","templated":true}]}}