{"id":2609,"date":"2024-11-04T10:17:58","date_gmt":"2024-11-04T13:17:58","guid":{"rendered":"https:\/\/radioclubedeinhapim.com.br\/?p=2609"},"modified":"2024-11-04T10:17:58","modified_gmt":"2024-11-04T13:17:58","slug":"mpmg-requer-r-200-mil-em-indenizacao-para-familiares-de-francisco-ferreira-de-alcantara-vitima-de-homicidio-em-inhapim","status":"publish","type":"post","link":"https:\/\/radioclubedeinhapim.com.br\/index.php\/2024\/11\/04\/mpmg-requer-r-200-mil-em-indenizacao-para-familiares-de-francisco-ferreira-de-alcantara-vitima-de-homicidio-em-inhapim\/","title":{"rendered":"MPMG requer R$ 200 mil em indeniza\u00e7\u00e3o para familiares de Francisco Ferreira de Alc\u00e2ntara, v\u00edtima de homic\u00eddio em Inhapim"},"content":{"rendered":"\n<p>O Minist\u00e9rio P\u00fablico de Minas Gerais (MPMG) denunciou dois homens por homic\u00eddio qualificado e dire\u00e7\u00e3o perigosa, ap\u00f3s um crime brutal ocorrido em Inhapim em 7 de outubro de 2024. A den\u00fancia relata que a v\u00edtima, Francisco Ferreira de Alc\u00e2ntara, de 37 anos, foi atacada com facadas durante uma comemora\u00e7\u00e3o de elei\u00e7\u00f5es municipais, ap\u00f3s um desentendimento banal.<\/p>\n\n\n\n<p>Na <a><\/a>madrugada do crime, Francisco estava com sua esposa e amigos na Pra\u00e7a Lindolfo Barbosa Vieira. Durante uma conversa, um dos denunciados se sentiu ofendido e iniciou uma discuss\u00e3o com um amigo, que interveio para defend\u00ea-la. Ap\u00f3s a troca de ofensas, os dois homens se separaram, mas um deles, insatisfeito, armou-se com uma faca e, acompanhado pelo outro, voltou ao local com inten\u00e7\u00e3o de se vingar.<\/p>\n\n\n\n<p>A v\u00edtima, desprevenida e de costas, foi surpreendida pelos agressores, que desferiram diversos golpes de faca. Apesar de ferido, Francisco tentou escapar, mas os atacantes o seguiram e continuaram a agredi-lo at\u00e9 que ele n\u00e3o resistisse aos ferimentos. A brutalidade do ato foi registrada pela pol\u00edcia, que encontrou um rastro de sangue deixado pela v\u00edtima.<\/p>\n\n\n\n<p>Ap\u00f3s o crime, os homens fugiram em uma motocicleta. Durante a persegui\u00e7\u00e3o policial, o condutor perdeu o controle do ve\u00edculo e colidiu. Um dos acusados foi capturado, enquanto o outro permanece foragido.<\/p>\n\n\n\n<p>O MPMG argumenta que os denunciados agiram com premedita\u00e7\u00e3o e desprezo pela vida humana. Al\u00e9m do homic\u00eddio, o condutor da motocicleta enfrenta acusa\u00e7\u00f5es de dire\u00e7\u00e3o perigosa, j\u00e1 que n\u00e3o possu\u00eda habilita\u00e7\u00e3o e conduzia em alta velocidade para escapar da pol\u00edcia.<\/p>\n\n\n\n<p>A den\u00fancia solicita que os acusados sejam levados a julgamento e que paguem R$ 200 mil em indeniza\u00e7\u00e3o aos familiares de Francisco. O MPMG enfatiza a gravidade do caso e a necessidade de uma puni\u00e7\u00e3o severa, destacando o impacto da viol\u00eancia na comunidade. O processo judicial segue em andamento.<\/p>\n","protected":false},"excerpt":{"rendered":"<p>O Minist\u00e9rio P\u00fablico de Minas Gerais (MPMG) denunciou dois homens por homic\u00eddio qualificado e dire\u00e7\u00e3o perigosa, ap\u00f3s um crime brutal ocorrido em Inhapim em 7 de outubro de 2024. A den\u00fancia relata que a v\u00edtima, Francisco Ferreira de Alc\u00e2ntara, de 37 anos, foi atacada com facadas durante uma comemora\u00e7\u00e3o de elei\u00e7\u00f5es municipais, ap\u00f3s um desentendimento [&hellip;]<\/p>\n","protected":false},"author":2,"featured_media":2610,"comment_status":"open","ping_status":"open","sticky":false,"template":"","format":"standard","meta":{"footnotes":""},"categories":[5],"tags":[],"class_list":["post-2609","post","type-post","status-publish","format-standard","has-post-thumbnail","hentry","category-noticias"],"wpmagazine_modules_lite_featured_media_urls":{"thumbnail":["https:\/\/radioclubedeinhapim.com.br\/wp-content\/uploads\/2024\/11\/Copia-de-Inserir-um-subtitulo-2024-11-04T081827.845-150x150.jpg",150,150,true],"cvmm-medium":["https:\/\/radioclubedeinhapim.com.br\/wp-content\/uploads\/2024\/11\/Copia-de-Inserir-um-subtitulo-2024-11-04T081827.845-300x300.jpg",300,300,true],"cvmm-medium-plus":["https:\/\/radioclubedeinhapim.com.br\/wp-content\/uploads\/2024\/11\/Copia-de-Inserir-um-subtitulo-2024-11-04T081827.845-305x207.jpg",305,207,true],"cvmm-portrait":["https:\/\/radioclubedeinhapim.com.br\/wp-content\/uploads\/2024\/11\/Copia-de-Inserir-um-subtitulo-2024-11-04T081827.845-400x600.jpg",400,600,true],"cvmm-medium-square":["https:\/\/radioclubedeinhapim.com.br\/wp-content\/uploads\/2024\/11\/Copia-de-Inserir-um-subtitulo-2024-11-04T081827.845-600x600.jpg",600,600,true],"cvmm-large":["https:\/\/radioclubedeinhapim.com.br\/wp-content\/uploads\/2024\/11\/Copia-de-Inserir-um-subtitulo-2024-11-04T081827.845-1024x1024.jpg",1024,1024,true],"cvmm-small":["https:\/\/radioclubedeinhapim.com.br\/wp-content\/uploads\/2024\/11\/Copia-de-Inserir-um-subtitulo-2024-11-04T081827.845-130x95.jpg",130,95,true],"full":["https:\/\/radioclubedeinhapim.com.br\/wp-content\/uploads\/2024\/11\/Copia-de-Inserir-um-subtitulo-2024-11-04T081827.845.jpg",1080,1080,false]},"categories_names":{"5":{"name":"Not\u00edcias","link":"https:\/\/radioclubedeinhapim.com.br\/index.php\/category\/noticias\/"}},"tags_names":[],"comments_number":"0","_links":{"self":[{"href":"https:\/\/radioclubedeinhapim.com.br\/index.php\/wp-json\/wp\/v2\/posts\/2609","targetHints":{"allow":["GET"]}}],"collection":[{"href":"https:\/\/radioclubedeinhapim.com.br\/index.php\/wp-json\/wp\/v2\/posts"}],"about":[{"href":"https:\/\/radioclubedeinhapim.com.br\/index.php\/wp-json\/wp\/v2\/types\/post"}],"author":[{"embeddable":true,"href":"https:\/\/radioclubedeinhapim.com.br\/index.php\/wp-json\/wp\/v2\/users\/2"}],"replies":[{"embeddable":true,"href":"https:\/\/radioclubedeinhapim.com.br\/index.php\/wp-json\/wp\/v2\/comments?post=2609"}],"version-history":[{"count":1,"href":"https:\/\/radioclubedeinhapim.com.br\/index.php\/wp-json\/wp\/v2\/posts\/2609\/revisions"}],"predecessor-version":[{"id":2611,"href":"https:\/\/radioclubedeinhapim.com.br\/index.php\/wp-json\/wp\/v2\/posts\/2609\/revisions\/2611"}],"wp:featuredmedia":[{"embeddable":true,"href":"https:\/\/radioclubedeinhapim.com.br\/index.php\/wp-json\/wp\/v2\/media\/2610"}],"wp:attachment":[{"href":"https:\/\/radioclubedeinhapim.com.br\/index.php\/wp-json\/wp\/v2\/media?parent=2609"}],"wp:term":[{"taxonomy":"category","embeddable":true,"href":"https:\/\/radioclubedeinhapim.com.br\/index.php\/wp-json\/wp\/v2\/categories?post=2609"},{"taxonomy":"post_tag","embeddable":true,"href":"https:\/\/radioclubedeinhapim.com.br\/index.php\/wp-json\/wp\/v2\/tags?post=2609"}],"curies":[{"name":"wp","href":"https:\/\/api.w.org\/{rel}","templated":true}]}}