{"id":2616,"date":"2024-11-04T17:48:51","date_gmt":"2024-11-04T20:48:51","guid":{"rendered":"https:\/\/radioclubedeinhapim.com.br\/?p=2616"},"modified":"2024-11-04T17:48:51","modified_gmt":"2024-11-04T20:48:51","slug":"galileia-mg-mae-e-assassinada-por-companheiro-em-frente-ao-filho-justica-condena-autor-a-33-anos-de-prisao","status":"publish","type":"post","link":"https:\/\/radioclubedeinhapim.com.br\/index.php\/2024\/11\/04\/galileia-mg-mae-e-assassinada-por-companheiro-em-frente-ao-filho-justica-condena-autor-a-33-anos-de-prisao\/","title":{"rendered":"Galil\u00e9ia\/MG: M\u00e3e \u00e9 assassinada por companheiro em frente ao filho: Justi\u00e7a condena autor a 33 anos de pris\u00e3o"},"content":{"rendered":"\n<p>Nesta segunda-feira (04\/11), a Comarca de Galileia, no leste de Minas Gerais, foi palco de uma decis\u00e3o emblem\u00e1tica na luta contra a viol\u00eancia dom\u00e9stica e os crimes de feminic\u00eddio.<\/p>\n\n\n\n<p>O Tribunal do J\u00fari condenou um homem de 46 anos a 33 anos e 7 meses de reclus\u00e3o em regime fechado pelo assassinato brutal de sua companheira, ocorrido h\u00e1 quase nove anos no munic\u00edpio de Divino das Laranjeiras\/MG.<\/p>\n\n\n\n<p>A senten\u00e7a foi proferida pelo Conselho de Senten\u00e7a ap\u00f3s apresenta\u00e7\u00e3o do caso pelo Minist\u00e9rio P\u00fablico. O crime aconteceu em 8 de novembro de 2015, quando a v\u00edtima, ent\u00e3o com 35 anos, foi surpreendida pelo agressor no quarto de seu filho.<\/p>\n\n\n\n<p>Segundo os autos, o condenado atacou a mulher com diversos golpes de faca, enquanto ela estava deitada, impedindo sua defesa. O crime foi presenciado pelo filho de apenas 10 anos, que, ao acordar com a cena, fugiu em busca de ajuda.<\/p>\n\n\n\n<p>Motivado pelo desejo da v\u00edtima de encerrar o relacionamento, o autor demonstrou descontentamento ao saber que a companheira n\u00e3o aceitava o uso indevido de seu nome e documentos, como mostrado nos registros judiciais.<\/p>\n\n\n\n<p>Esse comportamento abusivo culminou no ato de viol\u00eancia, expondo a mulher \u00e0 trag\u00e9dia que marcou a vida de sua fam\u00edlia e chocou a pequena comunidade de Divino das Laranjeiras.<\/p>\n\n\n\n<p>Para o Minist\u00e9rio P\u00fablico de Minas Gerais, a condena\u00e7\u00e3o representa uma vit\u00f3ria significativa. O promotor respons\u00e1vel pelo caso, celebrou o reconhecimento integral das qualificadoras de feminic\u00eddio, motivo f\u00fatil e recurso que impediu a defesa da v\u00edtima.<\/p>\n\n\n\n<p>Al\u00e9m de servir como resposta judicial \u00e0 fam\u00edlia, a condena\u00e7\u00e3o marca um precedente na regi\u00e3o e destaca a import\u00e2ncia de a\u00e7\u00f5es efetivas para a prote\u00e7\u00e3o das mulheres em situa\u00e7\u00e3o de vulnerabilidade.<\/p>\n\n\n\n<p>O caso ressurge como um alerta sobre a necessidade de denunciar sinais de viol\u00eancia e fortalecer as redes de apoio \u00e0s v\u00edtimas.<\/p>\n","protected":false},"excerpt":{"rendered":"<p>Nesta segunda-feira (04\/11), a Comarca de Galileia, no leste de Minas Gerais, foi palco de uma decis\u00e3o emblem\u00e1tica na luta contra a viol\u00eancia dom\u00e9stica e os crimes de feminic\u00eddio. O Tribunal do J\u00fari condenou um homem de 46 anos a 33 anos e 7 meses de reclus\u00e3o em regime fechado pelo assassinato brutal de sua [&hellip;]<\/p>\n","protected":false},"author":2,"featured_media":2617,"comment_status":"open","ping_status":"open","sticky":false,"template":"","format":"standard","meta":{"footnotes":""},"categories":[5],"tags":[],"class_list":["post-2616","post","type-post","status-publish","format-standard","has-post-thumbnail","hentry","category-noticias"],"wpmagazine_modules_lite_featured_media_urls":{"thumbnail":["https:\/\/radioclubedeinhapim.com.br\/wp-content\/uploads\/2024\/11\/GAL-150x150.jpg",150,150,true],"cvmm-medium":["https:\/\/radioclubedeinhapim.com.br\/wp-content\/uploads\/2024\/11\/GAL-300x300.jpg",300,300,true],"cvmm-medium-plus":["https:\/\/radioclubedeinhapim.com.br\/wp-content\/uploads\/2024\/11\/GAL-305x207.jpg",305,207,true],"cvmm-portrait":["https:\/\/radioclubedeinhapim.com.br\/wp-content\/uploads\/2024\/11\/GAL-400x600.jpg",400,600,true],"cvmm-medium-square":["https:\/\/radioclubedeinhapim.com.br\/wp-content\/uploads\/2024\/11\/GAL-600x600.jpg",600,600,true],"cvmm-large":["https:\/\/radioclubedeinhapim.com.br\/wp-content\/uploads\/2024\/11\/GAL.jpg",960,960,false],"cvmm-small":["https:\/\/radioclubedeinhapim.com.br\/wp-content\/uploads\/2024\/11\/GAL-130x95.jpg",130,95,true],"full":["https:\/\/radioclubedeinhapim.com.br\/wp-content\/uploads\/2024\/11\/GAL.jpg",960,960,false]},"categories_names":{"5":{"name":"Not\u00edcias","link":"https:\/\/radioclubedeinhapim.com.br\/index.php\/category\/noticias\/"}},"tags_names":[],"comments_number":"0","_links":{"self":[{"href":"https:\/\/radioclubedeinhapim.com.br\/index.php\/wp-json\/wp\/v2\/posts\/2616","targetHints":{"allow":["GET"]}}],"collection":[{"href":"https:\/\/radioclubedeinhapim.com.br\/index.php\/wp-json\/wp\/v2\/posts"}],"about":[{"href":"https:\/\/radioclubedeinhapim.com.br\/index.php\/wp-json\/wp\/v2\/types\/post"}],"author":[{"embeddable":true,"href":"https:\/\/radioclubedeinhapim.com.br\/index.php\/wp-json\/wp\/v2\/users\/2"}],"replies":[{"embeddable":true,"href":"https:\/\/radioclubedeinhapim.com.br\/index.php\/wp-json\/wp\/v2\/comments?post=2616"}],"version-history":[{"count":1,"href":"https:\/\/radioclubedeinhapim.com.br\/index.php\/wp-json\/wp\/v2\/posts\/2616\/revisions"}],"predecessor-version":[{"id":2618,"href":"https:\/\/radioclubedeinhapim.com.br\/index.php\/wp-json\/wp\/v2\/posts\/2616\/revisions\/2618"}],"wp:featuredmedia":[{"embeddable":true,"href":"https:\/\/radioclubedeinhapim.com.br\/index.php\/wp-json\/wp\/v2\/media\/2617"}],"wp:attachment":[{"href":"https:\/\/radioclubedeinhapim.com.br\/index.php\/wp-json\/wp\/v2\/media?parent=2616"}],"wp:term":[{"taxonomy":"category","embeddable":true,"href":"https:\/\/radioclubedeinhapim.com.br\/index.php\/wp-json\/wp\/v2\/categories?post=2616"},{"taxonomy":"post_tag","embeddable":true,"href":"https:\/\/radioclubedeinhapim.com.br\/index.php\/wp-json\/wp\/v2\/tags?post=2616"}],"curies":[{"name":"wp","href":"https:\/\/api.w.org\/{rel}","templated":true}]}}