{"id":2740,"date":"2024-11-12T11:53:53","date_gmt":"2024-11-12T14:53:53","guid":{"rendered":"https:\/\/radioclubedeinhapim.com.br\/?p=2740"},"modified":"2024-11-12T11:53:53","modified_gmt":"2024-11-12T14:53:53","slug":"chefe-da-administracao-fazendaria-de-caratinga-explica-como-o-programa-nota-fiscal-mineira-beneficia-a-populacao-e-fortalece-o-municipio","status":"publish","type":"post","link":"https:\/\/radioclubedeinhapim.com.br\/index.php\/2024\/11\/12\/chefe-da-administracao-fazendaria-de-caratinga-explica-como-o-programa-nota-fiscal-mineira-beneficia-a-populacao-e-fortalece-o-municipio\/","title":{"rendered":"Chefe da Administra\u00e7\u00e3o Fazend\u00e1ria de Caratinga explica como o Programa Nota Fiscal Mineira beneficia a popula\u00e7\u00e3o e fortalece o munic\u00edpio"},"content":{"rendered":"\n<p>\ud83c\udf99\ufe0f Em entrevista exclusiva, Sidnei Lopes da Costa, Chefe da Administra\u00e7\u00e3o Fazend\u00e1ria de Caratinga, explica os benef\u00edcios do Programa Nota Fiscal Mineira para a popula\u00e7\u00e3o e a import\u00e2ncia de pedir a nota fiscal. <\/p>\n\n\n\n<p>Saiba como a iniciativa ajuda a combater a sonega\u00e7\u00e3o e contribui diretamente para os investimentos em sa\u00fade, educa\u00e7\u00e3o e infraestrutura em Minas Gerais. E voc\u00ea ainda pode ganhar pr\u00eamios milion\u00e1rios.<\/p>\n\n\n\n<p><a href=\"https:\/\/www.facebook.com\/share\/v\/17zixRvkEc\/\" data-type=\"link\" data-id=\"https:\/\/www.facebook.com\/share\/v\/17zixRvkEc\/\">Clique aqui e assista a entrevista completa<\/a><\/p>\n\n\n\n<p>\ud83d\udcb8\ud83e\uddfe #NotaFiscalMineira #CidadaniaFiscal #Caratinga #Inhapim<\/p>\n","protected":false},"excerpt":{"rendered":"<p>\ud83c\udf99\ufe0f Em entrevista exclusiva, Sidnei Lopes da Costa, Chefe da Administra\u00e7\u00e3o Fazend\u00e1ria de Caratinga, explica os benef\u00edcios do Programa Nota Fiscal Mineira para a popula\u00e7\u00e3o e a import\u00e2ncia de pedir a nota fiscal. Saiba como a iniciativa ajuda a combater a sonega\u00e7\u00e3o e contribui diretamente para os investimentos em sa\u00fade, educa\u00e7\u00e3o e infraestrutura em Minas [&hellip;]<\/p>\n","protected":false},"author":2,"featured_media":2741,"comment_status":"open","ping_status":"open","sticky":false,"template":"","format":"standard","meta":{"footnotes":""},"categories":[1],"tags":[],"class_list":["post-2740","post","type-post","status-publish","format-standard","has-post-thumbnail","hentry","category-uncategorized"],"wpmagazine_modules_lite_featured_media_urls":{"thumbnail":["https:\/\/radioclubedeinhapim.com.br\/wp-content\/uploads\/2024\/11\/Entrevista-com-Sidnei-lopes-da-costa-chefe-da-administracao-fazendaria-de-caratinga-2-150x150.jpg",150,150,true],"cvmm-medium":["https:\/\/radioclubedeinhapim.com.br\/wp-content\/uploads\/2024\/11\/Entrevista-com-Sidnei-lopes-da-costa-chefe-da-administracao-fazendaria-de-caratinga-2-300x300.jpg",300,300,true],"cvmm-medium-plus":["https:\/\/radioclubedeinhapim.com.br\/wp-content\/uploads\/2024\/11\/Entrevista-com-Sidnei-lopes-da-costa-chefe-da-administracao-fazendaria-de-caratinga-2-305x207.jpg",305,207,true],"cvmm-portrait":["https:\/\/radioclubedeinhapim.com.br\/wp-content\/uploads\/2024\/11\/Entrevista-com-Sidnei-lopes-da-costa-chefe-da-administracao-fazendaria-de-caratinga-2-400x600.jpg",400,600,true],"cvmm-medium-square":["https:\/\/radioclubedeinhapim.com.br\/wp-content\/uploads\/2024\/11\/Entrevista-com-Sidnei-lopes-da-costa-chefe-da-administracao-fazendaria-de-caratinga-2-600x600.jpg",600,600,true],"cvmm-large":["https:\/\/radioclubedeinhapim.com.br\/wp-content\/uploads\/2024\/11\/Entrevista-com-Sidnei-lopes-da-costa-chefe-da-administracao-fazendaria-de-caratinga-2-1024x1024.jpg",1024,1024,true],"cvmm-small":["https:\/\/radioclubedeinhapim.com.br\/wp-content\/uploads\/2024\/11\/Entrevista-com-Sidnei-lopes-da-costa-chefe-da-administracao-fazendaria-de-caratinga-2-130x95.jpg",130,95,true],"full":["https:\/\/radioclubedeinhapim.com.br\/wp-content\/uploads\/2024\/11\/Entrevista-com-Sidnei-lopes-da-costa-chefe-da-administracao-fazendaria-de-caratinga-2.jpg",1080,1080,false]},"categories_names":{"1":{"name":"Uncategorized","link":"https:\/\/radioclubedeinhapim.com.br\/index.php\/category\/uncategorized\/"}},"tags_names":[],"comments_number":"0","_links":{"self":[{"href":"https:\/\/radioclubedeinhapim.com.br\/index.php\/wp-json\/wp\/v2\/posts\/2740","targetHints":{"allow":["GET"]}}],"collection":[{"href":"https:\/\/radioclubedeinhapim.com.br\/index.php\/wp-json\/wp\/v2\/posts"}],"about":[{"href":"https:\/\/radioclubedeinhapim.com.br\/index.php\/wp-json\/wp\/v2\/types\/post"}],"author":[{"embeddable":true,"href":"https:\/\/radioclubedeinhapim.com.br\/index.php\/wp-json\/wp\/v2\/users\/2"}],"replies":[{"embeddable":true,"href":"https:\/\/radioclubedeinhapim.com.br\/index.php\/wp-json\/wp\/v2\/comments?post=2740"}],"version-history":[{"count":1,"href":"https:\/\/radioclubedeinhapim.com.br\/index.php\/wp-json\/wp\/v2\/posts\/2740\/revisions"}],"predecessor-version":[{"id":2742,"href":"https:\/\/radioclubedeinhapim.com.br\/index.php\/wp-json\/wp\/v2\/posts\/2740\/revisions\/2742"}],"wp:featuredmedia":[{"embeddable":true,"href":"https:\/\/radioclubedeinhapim.com.br\/index.php\/wp-json\/wp\/v2\/media\/2741"}],"wp:attachment":[{"href":"https:\/\/radioclubedeinhapim.com.br\/index.php\/wp-json\/wp\/v2\/media?parent=2740"}],"wp:term":[{"taxonomy":"category","embeddable":true,"href":"https:\/\/radioclubedeinhapim.com.br\/index.php\/wp-json\/wp\/v2\/categories?post=2740"},{"taxonomy":"post_tag","embeddable":true,"href":"https:\/\/radioclubedeinhapim.com.br\/index.php\/wp-json\/wp\/v2\/tags?post=2740"}],"curies":[{"name":"wp","href":"https:\/\/api.w.org\/{rel}","templated":true}]}}