{"id":285,"date":"2024-06-21T22:58:03","date_gmt":"2024-06-21T22:58:03","guid":{"rendered":"https:\/\/radioclubedeinhapim.com.br\/?p=285"},"modified":"2026-04-28T08:47:03","modified_gmt":"2026-04-28T11:47:03","slug":"evangelho-do-dia","status":"publish","type":"post","link":"https:\/\/radioclubedeinhapim.com.br\/index.php\/2024\/06\/21\/evangelho-do-dia\/","title":{"rendered":"Evangelho do dia"},"content":{"rendered":"\n<figure class=\"wp-block-image size-full is-resized\"><img fetchpriority=\"high\" decoding=\"async\" width=\"1000\" height=\"750\" src=\"https:\/\/radioclubedeinhapim.com.br\/wp-content\/uploads\/2024\/07\/biblia.jpg\" alt=\"\" class=\"wp-image-515\" style=\"width:589px;height:auto\" srcset=\"https:\/\/radioclubedeinhapim.com.br\/wp-content\/uploads\/2024\/07\/biblia.jpg 1000w, https:\/\/radioclubedeinhapim.com.br\/wp-content\/uploads\/2024\/07\/biblia-300x225.jpg 300w, https:\/\/radioclubedeinhapim.com.br\/wp-content\/uploads\/2024\/07\/biblia-768x576.jpg 768w\" sizes=\"(max-width: 1000px) 100vw, 1000px\" \/><\/figure>\n\n\n\n<p>Ter\u00e7a feira, 28 de Abril de 2026<a href=\"\"><\/a><\/p>\n\n\n\n<p><strong>Jo\u00e3o 10,22-30<\/strong><\/p>\n\n\n\n<p><strong><em>Aleluia, aleluia, aleluia.<\/em><\/strong><\/p>\n\n\n\n<p><strong><em>Minhas ovelhas escutam minha voz,&nbsp;\/&nbsp;eu as conhe\u00e7o e elas me seguem (Jo 10,27).&nbsp;\u2013 R.<\/em><\/strong><\/p>\n\n\n\n<p>Proclama\u00e7\u00e3o do Evangelho de Jesus Cristo segundo Jo\u00e3o \u2013&nbsp;<sup>22<\/sup>Celebrava-se, em Jerusal\u00e9m, a festa da Dedica\u00e7\u00e3o do templo. Era inverno.&nbsp;<sup>23<\/sup>Jesus passeava pelo templo, no p\u00f3rtico de Salom\u00e3o.&nbsp;<sup>24<\/sup>Os judeus rodeavam-no e disseram: \u201cAt\u00e9 quando nos deixar\u00e1s em d\u00favida? Se tu \u00e9s o Messias, dize-nos abertamente\u201d.&nbsp;<sup>25<\/sup>Jesus respondeu: \u201cJ\u00e1 vo-lo disse, mas v\u00f3s n\u00e3o acreditais. As obras que eu fa\u00e7o em nome do meu Pai d\u00e3o testemunho de mim;&nbsp;<sup>26<\/sup>v\u00f3s, por\u00e9m, n\u00e3o acreditais, porque n\u00e3o sois das minhas ovelhas.&nbsp;<sup>27<\/sup>As minhas ovelhas escutam a minha voz, eu as conhe\u00e7o e elas me seguem.&nbsp;<sup>28<\/sup>Eu dou-lhes a vida eterna, e elas jamais se perder\u00e3o. E ningu\u00e9m vai arranc\u00e1-las de minha m\u00e3o.&nbsp;<sup>29<\/sup>Meu Pai, que me deu essas ovelhas, \u00e9 maior que todos, e ningu\u00e9m pode arrebat\u00e1-las da m\u00e3o do Pai.&nbsp;<sup>30<\/sup>Eu e o Pai somos um\u201d. \u2013 Palavra da salva\u00e7\u00e3o.<\/p>\n\n\n\n<p>Reflex\u00e3o:<\/p>\n\n\n\n<p>A narrativa de hoje \u00e9 rica de detalhes e refer\u00eancias. O fato de Jesus caminhar (em grego, \u201cperipatein\u201d) no templo alude \u00e0 uma famosa escola de filosofia grega, os peripat\u00e9ticos; assim como o p\u00f3rtico (\u201csto\u00e1\u201d) faz lembrar do estoicismo, outra escola filos\u00f3fica grega. Jesus \u00e9 um mestre maior do que qualquer um dos fil\u00f3sofos, pois ele \u00e9 a Sabedoria encarnada. Outro detalhe destacado pelo evangelista Jo\u00e3o \u00e9 o contexto da festa da Dedica\u00e7\u00e3o, que durava oito dias. Essa festa (em hebraico, Hanukkah) celebrava a dedica\u00e7\u00e3o e a reconsagra\u00e7\u00e3o do templo de Jerusal\u00e9m, profanado por Ant\u00edoco IV, ap\u00f3s a vit\u00f3ria de Judas Macabeu sobre Israel, no ano 164 a.C. Jesus associa essa festa a si mesmo, referindo-se \u00e0 sua pr\u00f3pria consagra\u00e7\u00e3o pelo Pai, que ser\u00e1 mencionada mais adiante, no v. 36.<\/p>\n","protected":false},"excerpt":{"rendered":"<p>Ter\u00e7a feira, 28 de Abril de 2026 Jo\u00e3o 10,22-30 Aleluia, aleluia, aleluia. Minhas ovelhas escutam minha voz,&nbsp;\/&nbsp;eu as conhe\u00e7o e elas me seguem (Jo 10,27).&nbsp;\u2013 R. Proclama\u00e7\u00e3o do Evangelho de Jesus Cristo segundo Jo\u00e3o \u2013&nbsp;22Celebrava-se, em Jerusal\u00e9m, a festa da Dedica\u00e7\u00e3o do templo. Era inverno.&nbsp;23Jesus passeava pelo templo, no p\u00f3rtico de Salom\u00e3o.&nbsp;24Os judeus rodeavam-no e [&hellip;]<\/p>\n","protected":false},"author":1,"featured_media":0,"comment_status":"open","ping_status":"open","sticky":false,"template":"","format":"standard","meta":{"footnotes":""},"categories":[6],"tags":[],"class_list":["post-285","post","type-post","status-publish","format-standard","hentry","category-evangelho"],"wpmagazine_modules_lite_featured_media_urls":{"thumbnail":"","cvmm-medium":"","cvmm-medium-plus":"","cvmm-portrait":"","cvmm-medium-square":"","cvmm-large":"","cvmm-small":"","full":""},"categories_names":{"6":{"name":"Evangelho","link":"https:\/\/radioclubedeinhapim.com.br\/index.php\/category\/evangelho\/"}},"tags_names":[],"comments_number":"0","_links":{"self":[{"href":"https:\/\/radioclubedeinhapim.com.br\/index.php\/wp-json\/wp\/v2\/posts\/285","targetHints":{"allow":["GET"]}}],"collection":[{"href":"https:\/\/radioclubedeinhapim.com.br\/index.php\/wp-json\/wp\/v2\/posts"}],"about":[{"href":"https:\/\/radioclubedeinhapim.com.br\/index.php\/wp-json\/wp\/v2\/types\/post"}],"author":[{"embeddable":true,"href":"https:\/\/radioclubedeinhapim.com.br\/index.php\/wp-json\/wp\/v2\/users\/1"}],"replies":[{"embeddable":true,"href":"https:\/\/radioclubedeinhapim.com.br\/index.php\/wp-json\/wp\/v2\/comments?post=285"}],"version-history":[{"count":645,"href":"https:\/\/radioclubedeinhapim.com.br\/index.php\/wp-json\/wp\/v2\/posts\/285\/revisions"}],"predecessor-version":[{"id":10023,"href":"https:\/\/radioclubedeinhapim.com.br\/index.php\/wp-json\/wp\/v2\/posts\/285\/revisions\/10023"}],"wp:attachment":[{"href":"https:\/\/radioclubedeinhapim.com.br\/index.php\/wp-json\/wp\/v2\/media?parent=285"}],"wp:term":[{"taxonomy":"category","embeddable":true,"href":"https:\/\/radioclubedeinhapim.com.br\/index.php\/wp-json\/wp\/v2\/categories?post=285"},{"taxonomy":"post_tag","embeddable":true,"href":"https:\/\/radioclubedeinhapim.com.br\/index.php\/wp-json\/wp\/v2\/tags?post=285"}],"curies":[{"name":"wp","href":"https:\/\/api.w.org\/{rel}","templated":true}]}}