{"id":2850,"date":"2024-11-18T21:11:27","date_gmt":"2024-11-19T00:11:27","guid":{"rendered":"https:\/\/radioclubedeinhapim.com.br\/?p=2850"},"modified":"2024-11-18T21:11:27","modified_gmt":"2024-11-19T00:11:27","slug":"2a-sessao-ordinaria-de-novembro-da-camara-municipal-de-inhapim-homenageia-luisa-militao-juiza-federal-mais-jovem-do-brasil","status":"publish","type":"post","link":"https:\/\/radioclubedeinhapim.com.br\/index.php\/2024\/11\/18\/2a-sessao-ordinaria-de-novembro-da-camara-municipal-de-inhapim-homenageia-luisa-militao-juiza-federal-mais-jovem-do-brasil\/","title":{"rendered":"2\u00aa Sess\u00e3o Ordin\u00e1ria de novembro da C\u00e2mara Municipal de Inhapim, homenageia Lu\u00edsa Milit\u00e3o, Ju\u00edza Federal mais jovem do Brasil"},"content":{"rendered":"\n<p>Na noite desta segunda-feira, a C\u00e2mara Municipal de Inhapim realizou a 2\u00aa Sess\u00e3o Ordin\u00e1ria do m\u00eas de novembro de 2024. A reuni\u00e3o come\u00e7ou com a chamada dos agentes e uma leitura b\u00edblica. Durante a sess\u00e3o, foi distribu\u00eddo um projeto de lei, que ser\u00e1 debatido e votado na pr\u00f3xima reuni\u00e3o.<\/p>\n\n\n\n<p>O momento mais marcante da noite foi a entrega da Mo\u00e7\u00e3o de Aplauso e <a><\/a>Honra ao M\u00e9rito para a inhapinhense Lu\u00edsa Milit\u00e3o Vicente Barroso, em reconhecimento por sua aprova\u00e7\u00e3o no concurso para ju\u00edza federal do Tribunal Regional Federal da 1\u00aa Regi\u00e3o (TRF1), um feito de grande significado para a cidade. A homenagem, de autoria do vereador Jos\u00e9 de Oliveira Batista, o Coquinho, celebrou esse marco hist\u00f3rico que orgulha todo o munic\u00edpio.<\/p>\n\n\n\n<p>O sal\u00e3o da C\u00e2mara ficou lotado, com a presen\u00e7a de ex-professores, familiares, amigos e diversas autoridades locais. Entre elas, o prefeito M\u00e1rcio Elias, o Marcinho, e o vice-prefeito Sandro Adriano. Ambos parabenizaram Lu\u00edsa pela conquista. Sandro destacou ainda que \u00e9 uma satisfa\u00e7\u00e3o ver jovens de Inhapim e regi\u00e3o se destacando pelo Brasil, mencionando que o sucesso de Lu\u00edsa inspira novas gera\u00e7\u00f5es.<\/p>\n\n\n\n<p>Em sua fala, Lu\u00edsa agradeceu aos vereadores, familiares e ao p\u00fablico presente, demonstrando emo\u00e7\u00e3o com a homenagem. Apesar de atualmente n\u00e3o residir em Inhapim, afirmou com carinho: &#8220;\u00c9 sempre um prazer est\u00e1 de volta \u00e0 minha casa.&#8221;<\/p>\n\n\n\n<p>Na manh\u00e3 desta segunda-feira, Lu\u00edsa Milit\u00e3o concedeu uma entrevista exclusiva \u00e0 R\u00e1dio Clube de Inhapim, onde compartilhou sua trajet\u00f3ria at\u00e9 a aprova\u00e7\u00e3o no concurso para ju\u00edza federal do TRF1. Ela relembrou o est\u00e1gio no TRF1 entre 2019 e 2020, per\u00edodo que despertou sua paix\u00e3o pela Justi\u00e7a Federal, e destacou sua aprova\u00e7\u00e3o em 2\u00ba lugar (antes da an\u00e1lise de t\u00edtulos), alcan\u00e7ada com esfor\u00e7o, f\u00e9 e supera\u00e7\u00e3o. A mat\u00e9ria completa est\u00e1 publicada em nossas redes sociais.<\/p>\n\n\n\n<p>A R\u00e1dio Clube de Inhapim celebra esse marco hist\u00f3rico e parabeniza Lu\u00edsa por encher de orgulho toda a regi\u00e3o.<\/p>\n\n\n\n<p><a href=\"https:\/\/www.facebook.com\/share\/v\/1E8pmp4i7o\/\" data-type=\"link\" data-id=\"https:\/\/www.facebook.com\/share\/v\/1E8pmp4i7o\/\">CLIQUE AQUI E ASSISTA O V\u00cdDEO<\/a><\/p>\n","protected":false},"excerpt":{"rendered":"<p>Na noite desta segunda-feira, a C\u00e2mara Municipal de Inhapim realizou a 2\u00aa Sess\u00e3o Ordin\u00e1ria do m\u00eas de novembro de 2024. A reuni\u00e3o come\u00e7ou com a chamada dos agentes e uma leitura b\u00edblica. Durante a sess\u00e3o, foi distribu\u00eddo um projeto de lei, que ser\u00e1 debatido e votado na pr\u00f3xima reuni\u00e3o. O momento mais marcante da noite [&hellip;]<\/p>\n","protected":false},"author":2,"featured_media":2851,"comment_status":"open","ping_status":"open","sticky":false,"template":"","format":"standard","meta":{"footnotes":""},"categories":[5],"tags":[],"class_list":["post-2850","post","type-post","status-publish","format-standard","has-post-thumbnail","hentry","category-noticias"],"wpmagazine_modules_lite_featured_media_urls":{"thumbnail":["https:\/\/radioclubedeinhapim.com.br\/wp-content\/uploads\/2024\/11\/Copia-de-Inserir-um-subtitulo-2024-11-18T211149.589-150x150.jpg",150,150,true],"cvmm-medium":["https:\/\/radioclubedeinhapim.com.br\/wp-content\/uploads\/2024\/11\/Copia-de-Inserir-um-subtitulo-2024-11-18T211149.589-300x300.jpg",300,300,true],"cvmm-medium-plus":["https:\/\/radioclubedeinhapim.com.br\/wp-content\/uploads\/2024\/11\/Copia-de-Inserir-um-subtitulo-2024-11-18T211149.589-305x207.jpg",305,207,true],"cvmm-portrait":["https:\/\/radioclubedeinhapim.com.br\/wp-content\/uploads\/2024\/11\/Copia-de-Inserir-um-subtitulo-2024-11-18T211149.589-400x600.jpg",400,600,true],"cvmm-medium-square":["https:\/\/radioclubedeinhapim.com.br\/wp-content\/uploads\/2024\/11\/Copia-de-Inserir-um-subtitulo-2024-11-18T211149.589-600x600.jpg",600,600,true],"cvmm-large":["https:\/\/radioclubedeinhapim.com.br\/wp-content\/uploads\/2024\/11\/Copia-de-Inserir-um-subtitulo-2024-11-18T211149.589-1024x1024.jpg",1024,1024,true],"cvmm-small":["https:\/\/radioclubedeinhapim.com.br\/wp-content\/uploads\/2024\/11\/Copia-de-Inserir-um-subtitulo-2024-11-18T211149.589-130x95.jpg",130,95,true],"full":["https:\/\/radioclubedeinhapim.com.br\/wp-content\/uploads\/2024\/11\/Copia-de-Inserir-um-subtitulo-2024-11-18T211149.589.jpg",1080,1080,false]},"categories_names":{"5":{"name":"Not\u00edcias","link":"https:\/\/radioclubedeinhapim.com.br\/index.php\/category\/noticias\/"}},"tags_names":[],"comments_number":"0","_links":{"self":[{"href":"https:\/\/radioclubedeinhapim.com.br\/index.php\/wp-json\/wp\/v2\/posts\/2850","targetHints":{"allow":["GET"]}}],"collection":[{"href":"https:\/\/radioclubedeinhapim.com.br\/index.php\/wp-json\/wp\/v2\/posts"}],"about":[{"href":"https:\/\/radioclubedeinhapim.com.br\/index.php\/wp-json\/wp\/v2\/types\/post"}],"author":[{"embeddable":true,"href":"https:\/\/radioclubedeinhapim.com.br\/index.php\/wp-json\/wp\/v2\/users\/2"}],"replies":[{"embeddable":true,"href":"https:\/\/radioclubedeinhapim.com.br\/index.php\/wp-json\/wp\/v2\/comments?post=2850"}],"version-history":[{"count":1,"href":"https:\/\/radioclubedeinhapim.com.br\/index.php\/wp-json\/wp\/v2\/posts\/2850\/revisions"}],"predecessor-version":[{"id":2852,"href":"https:\/\/radioclubedeinhapim.com.br\/index.php\/wp-json\/wp\/v2\/posts\/2850\/revisions\/2852"}],"wp:featuredmedia":[{"embeddable":true,"href":"https:\/\/radioclubedeinhapim.com.br\/index.php\/wp-json\/wp\/v2\/media\/2851"}],"wp:attachment":[{"href":"https:\/\/radioclubedeinhapim.com.br\/index.php\/wp-json\/wp\/v2\/media?parent=2850"}],"wp:term":[{"taxonomy":"category","embeddable":true,"href":"https:\/\/radioclubedeinhapim.com.br\/index.php\/wp-json\/wp\/v2\/categories?post=2850"},{"taxonomy":"post_tag","embeddable":true,"href":"https:\/\/radioclubedeinhapim.com.br\/index.php\/wp-json\/wp\/v2\/tags?post=2850"}],"curies":[{"name":"wp","href":"https:\/\/api.w.org\/{rel}","templated":true}]}}