{"id":3045,"date":"2024-12-03T09:22:06","date_gmt":"2024-12-03T12:22:06","guid":{"rendered":"https:\/\/radioclubedeinhapim.com.br\/?p=3045"},"modified":"2024-12-03T09:22:06","modified_gmt":"2024-12-03T12:22:06","slug":"farmaceutico-e-condenado-a-18-anos-por-matar-idosos-em-acidente-de-transito-ocorrido-em-2011-em-ipatinga","status":"publish","type":"post","link":"https:\/\/radioclubedeinhapim.com.br\/index.php\/2024\/12\/03\/farmaceutico-e-condenado-a-18-anos-por-matar-idosos-em-acidente-de-transito-ocorrido-em-2011-em-ipatinga\/","title":{"rendered":"Farmac\u00eautico \u00e9 condenado a 18 anos por matar idosos em acidente de tr\u00e2nsito ocorrido em 2011 em Ipatinga"},"content":{"rendered":"\n<p>Ap\u00f3s 13 anos, o julgamento de Vitor L\u00facio Braga, farmac\u00eautico de 41 anos, foi conclu\u00eddo ontem, 2 de dezembro de 2024, com uma condena\u00e7\u00e3o de 18 anos de pris\u00e3o. Ele foi considerado culpado por dois homic\u00eddios consumados e tr\u00eas tentativas de homic\u00eddio em um acidente de tr\u00e2nsito ocorrido em 26 de fevereiro de 2011, no bairro Limoeiro.<\/p>\n\n\n\n<p>O r\u00e9u dirigia um Volkswagen Gol em alta velocidade e sob efeito de \u00e1lcool quando atropelou Jos\u00e9 Raimundo Rodrigues, de 78 anos, e Luzia J\u00falia Rodrigues, de 71 anos, que morreram no local. Outras tr\u00eas pessoas ficaram gravemente feridas.<\/p>\n\n\n\n<p>O julgamento durou mais de 12 horas e foi presidido pelo juiz Felipe Ceolin L\u00edrio. O promotor Jonas Junio Linhares Costa Monteiro destacou a senten\u00e7a como uma &#8220;vit\u00f3ria no combate aos crimes no tr\u00e2nsito&#8221;, afirmando que a decis\u00e3o trouxe justi\u00e7a \u00e0s v\u00edtimas e suas fam\u00edlias.<\/p>\n\n\n\n<p>Com a condena\u00e7\u00e3o, a pedido do Minist\u00e9rio P\u00fablico, o r\u00e9u teve a pris\u00e3o decretada e come\u00e7ar\u00e1 a cumprir a pena imediatamente. A defesa j\u00e1 anunciou que ir\u00e1 recorrer.<\/p>\n","protected":false},"excerpt":{"rendered":"<p>Ap\u00f3s 13 anos, o julgamento de Vitor L\u00facio Braga, farmac\u00eautico de 41 anos, foi conclu\u00eddo ontem, 2 de dezembro de 2024, com uma condena\u00e7\u00e3o de 18 anos de pris\u00e3o. Ele foi considerado culpado por dois homic\u00eddios consumados e tr\u00eas tentativas de homic\u00eddio em um acidente de tr\u00e2nsito ocorrido em 26 de fevereiro de 2011, no [&hellip;]<\/p>\n","protected":false},"author":2,"featured_media":3046,"comment_status":"open","ping_status":"open","sticky":false,"template":"","format":"standard","meta":{"footnotes":""},"categories":[5],"tags":[],"class_list":["post-3045","post","type-post","status-publish","format-standard","has-post-thumbnail","hentry","category-noticias"],"wpmagazine_modules_lite_featured_media_urls":{"thumbnail":["https:\/\/radioclubedeinhapim.com.br\/wp-content\/uploads\/2024\/12\/Copia-de-Inserir-um-subtitulo-2024-12-03T092300.467-150x150.jpg",150,150,true],"cvmm-medium":["https:\/\/radioclubedeinhapim.com.br\/wp-content\/uploads\/2024\/12\/Copia-de-Inserir-um-subtitulo-2024-12-03T092300.467-300x300.jpg",300,300,true],"cvmm-medium-plus":["https:\/\/radioclubedeinhapim.com.br\/wp-content\/uploads\/2024\/12\/Copia-de-Inserir-um-subtitulo-2024-12-03T092300.467-305x207.jpg",305,207,true],"cvmm-portrait":["https:\/\/radioclubedeinhapim.com.br\/wp-content\/uploads\/2024\/12\/Copia-de-Inserir-um-subtitulo-2024-12-03T092300.467-400x600.jpg",400,600,true],"cvmm-medium-square":["https:\/\/radioclubedeinhapim.com.br\/wp-content\/uploads\/2024\/12\/Copia-de-Inserir-um-subtitulo-2024-12-03T092300.467-600x600.jpg",600,600,true],"cvmm-large":["https:\/\/radioclubedeinhapim.com.br\/wp-content\/uploads\/2024\/12\/Copia-de-Inserir-um-subtitulo-2024-12-03T092300.467-1024x1024.jpg",1024,1024,true],"cvmm-small":["https:\/\/radioclubedeinhapim.com.br\/wp-content\/uploads\/2024\/12\/Copia-de-Inserir-um-subtitulo-2024-12-03T092300.467-130x95.jpg",130,95,true],"full":["https:\/\/radioclubedeinhapim.com.br\/wp-content\/uploads\/2024\/12\/Copia-de-Inserir-um-subtitulo-2024-12-03T092300.467.jpg",1080,1080,false]},"categories_names":{"5":{"name":"Not\u00edcias","link":"https:\/\/radioclubedeinhapim.com.br\/index.php\/category\/noticias\/"}},"tags_names":[],"comments_number":"0","_links":{"self":[{"href":"https:\/\/radioclubedeinhapim.com.br\/index.php\/wp-json\/wp\/v2\/posts\/3045","targetHints":{"allow":["GET"]}}],"collection":[{"href":"https:\/\/radioclubedeinhapim.com.br\/index.php\/wp-json\/wp\/v2\/posts"}],"about":[{"href":"https:\/\/radioclubedeinhapim.com.br\/index.php\/wp-json\/wp\/v2\/types\/post"}],"author":[{"embeddable":true,"href":"https:\/\/radioclubedeinhapim.com.br\/index.php\/wp-json\/wp\/v2\/users\/2"}],"replies":[{"embeddable":true,"href":"https:\/\/radioclubedeinhapim.com.br\/index.php\/wp-json\/wp\/v2\/comments?post=3045"}],"version-history":[{"count":1,"href":"https:\/\/radioclubedeinhapim.com.br\/index.php\/wp-json\/wp\/v2\/posts\/3045\/revisions"}],"predecessor-version":[{"id":3047,"href":"https:\/\/radioclubedeinhapim.com.br\/index.php\/wp-json\/wp\/v2\/posts\/3045\/revisions\/3047"}],"wp:featuredmedia":[{"embeddable":true,"href":"https:\/\/radioclubedeinhapim.com.br\/index.php\/wp-json\/wp\/v2\/media\/3046"}],"wp:attachment":[{"href":"https:\/\/radioclubedeinhapim.com.br\/index.php\/wp-json\/wp\/v2\/media?parent=3045"}],"wp:term":[{"taxonomy":"category","embeddable":true,"href":"https:\/\/radioclubedeinhapim.com.br\/index.php\/wp-json\/wp\/v2\/categories?post=3045"},{"taxonomy":"post_tag","embeddable":true,"href":"https:\/\/radioclubedeinhapim.com.br\/index.php\/wp-json\/wp\/v2\/tags?post=3045"}],"curies":[{"name":"wp","href":"https:\/\/api.w.org\/{rel}","templated":true}]}}