{"id":3060,"date":"2024-12-03T11:25:31","date_gmt":"2024-12-03T14:25:31","guid":{"rendered":"https:\/\/radioclubedeinhapim.com.br\/?p=3060"},"modified":"2024-12-03T11:25:31","modified_gmt":"2024-12-03T14:25:31","slug":"mpmg-comunica-prisao-de-acusado-de-estupro-de-vulneravel-em-tabajara-distrito-de-inhapim","status":"publish","type":"post","link":"https:\/\/radioclubedeinhapim.com.br\/index.php\/2024\/12\/03\/mpmg-comunica-prisao-de-acusado-de-estupro-de-vulneravel-em-tabajara-distrito-de-inhapim\/","title":{"rendered":"MPMG comunica pris\u00e3o de acusado de estupro de vulner\u00e1vel em Tabajara, distrito de Inhapim"},"content":{"rendered":"\n<p>O Minist\u00e9rio P\u00fablico de Minas Gerais, por meio da 2\u00aa Promotoria de Justi\u00e7a de Inhapim, representada pelo promotor de Justi\u00e7a Jonas Junio Linhares Costa Monteiro, anunciou a pris\u00e3o preventiva de um homem de 29 anos, acusado de estupro de vulner\u00e1vel. A pris\u00e3o ocorreu no dia 29 de novembro de 2024, ap\u00f3s requerimento ministerial.<\/p>\n\n\n\n<p>De acordo com a den\u00fancia, o crime aconteceu em 2014, em uma fazenda, localizada no C\u00f3rrego S\u00e3o Luiz, no distrito de Tabajara. Durante o incidente, o acusado, juntamente com um comparsa, teria praticado atos libidinosos com um adolescente de apenas 13 anos \u00e0 \u00e9poca. A den\u00fancia indica ainda que o acusado filmou as a\u00e7\u00f5es e divulgou fotografias e v\u00eddeos da ocorr\u00eancia.<\/p>\n\n\n\n<p>O processo est\u00e1 sendo conduzido pela 2\u00aa Vara C\u00edvel, Criminal e da Inf\u00e2ncia e da Juventude da Comarca de Inhapim. A pris\u00e3o preventiva e a den\u00fancia contra o acusado s\u00e3o frutos de uma colabora\u00e7\u00e3o entre o Minist\u00e9rio P\u00fablico, o Poder Judici\u00e1rio, a Pol\u00edcia Civil de Minas Gerais (PCMG) e a Pol\u00edcia Militar.<\/p>\n\n\n\n<p>Este trabalho conjunto marca um avan\u00e7o na luta contra os crimes sexuais na regi\u00e3o, refor\u00e7ando o compromisso com a justi\u00e7a e a prote\u00e7\u00e3o de crian\u00e7as e adolescentes.<\/p>\n\n\n\n<p>A sociedade aguarda os pr\u00f3ximos desdobramentos deste caso, que evidencia a import\u00e2ncia da atua\u00e7\u00e3o das institui\u00e7\u00f5es na defesa dos direitos dos vulner\u00e1veis.<\/p>\n","protected":false},"excerpt":{"rendered":"<p>O Minist\u00e9rio P\u00fablico de Minas Gerais, por meio da 2\u00aa Promotoria de Justi\u00e7a de Inhapim, representada pelo promotor de Justi\u00e7a Jonas Junio Linhares Costa Monteiro, anunciou a pris\u00e3o preventiva de um homem de 29 anos, acusado de estupro de vulner\u00e1vel. A pris\u00e3o ocorreu no dia 29 de novembro de 2024, ap\u00f3s requerimento ministerial. De acordo [&hellip;]<\/p>\n","protected":false},"author":2,"featured_media":3061,"comment_status":"open","ping_status":"open","sticky":false,"template":"","format":"standard","meta":{"footnotes":""},"categories":[5],"tags":[],"class_list":["post-3060","post","type-post","status-publish","format-standard","has-post-thumbnail","hentry","category-noticias"],"wpmagazine_modules_lite_featured_media_urls":{"thumbnail":["https:\/\/radioclubedeinhapim.com.br\/wp-content\/uploads\/2024\/12\/Copia-de-Inserir-um-subtitulo-2024-12-03T112604.413-150x150.jpg",150,150,true],"cvmm-medium":["https:\/\/radioclubedeinhapim.com.br\/wp-content\/uploads\/2024\/12\/Copia-de-Inserir-um-subtitulo-2024-12-03T112604.413-300x300.jpg",300,300,true],"cvmm-medium-plus":["https:\/\/radioclubedeinhapim.com.br\/wp-content\/uploads\/2024\/12\/Copia-de-Inserir-um-subtitulo-2024-12-03T112604.413-305x207.jpg",305,207,true],"cvmm-portrait":["https:\/\/radioclubedeinhapim.com.br\/wp-content\/uploads\/2024\/12\/Copia-de-Inserir-um-subtitulo-2024-12-03T112604.413-400x600.jpg",400,600,true],"cvmm-medium-square":["https:\/\/radioclubedeinhapim.com.br\/wp-content\/uploads\/2024\/12\/Copia-de-Inserir-um-subtitulo-2024-12-03T112604.413-600x600.jpg",600,600,true],"cvmm-large":["https:\/\/radioclubedeinhapim.com.br\/wp-content\/uploads\/2024\/12\/Copia-de-Inserir-um-subtitulo-2024-12-03T112604.413-1024x1024.jpg",1024,1024,true],"cvmm-small":["https:\/\/radioclubedeinhapim.com.br\/wp-content\/uploads\/2024\/12\/Copia-de-Inserir-um-subtitulo-2024-12-03T112604.413-130x95.jpg",130,95,true],"full":["https:\/\/radioclubedeinhapim.com.br\/wp-content\/uploads\/2024\/12\/Copia-de-Inserir-um-subtitulo-2024-12-03T112604.413.jpg",1080,1080,false]},"categories_names":{"5":{"name":"Not\u00edcias","link":"https:\/\/radioclubedeinhapim.com.br\/index.php\/category\/noticias\/"}},"tags_names":[],"comments_number":"0","_links":{"self":[{"href":"https:\/\/radioclubedeinhapim.com.br\/index.php\/wp-json\/wp\/v2\/posts\/3060","targetHints":{"allow":["GET"]}}],"collection":[{"href":"https:\/\/radioclubedeinhapim.com.br\/index.php\/wp-json\/wp\/v2\/posts"}],"about":[{"href":"https:\/\/radioclubedeinhapim.com.br\/index.php\/wp-json\/wp\/v2\/types\/post"}],"author":[{"embeddable":true,"href":"https:\/\/radioclubedeinhapim.com.br\/index.php\/wp-json\/wp\/v2\/users\/2"}],"replies":[{"embeddable":true,"href":"https:\/\/radioclubedeinhapim.com.br\/index.php\/wp-json\/wp\/v2\/comments?post=3060"}],"version-history":[{"count":1,"href":"https:\/\/radioclubedeinhapim.com.br\/index.php\/wp-json\/wp\/v2\/posts\/3060\/revisions"}],"predecessor-version":[{"id":3062,"href":"https:\/\/radioclubedeinhapim.com.br\/index.php\/wp-json\/wp\/v2\/posts\/3060\/revisions\/3062"}],"wp:featuredmedia":[{"embeddable":true,"href":"https:\/\/radioclubedeinhapim.com.br\/index.php\/wp-json\/wp\/v2\/media\/3061"}],"wp:attachment":[{"href":"https:\/\/radioclubedeinhapim.com.br\/index.php\/wp-json\/wp\/v2\/media?parent=3060"}],"wp:term":[{"taxonomy":"category","embeddable":true,"href":"https:\/\/radioclubedeinhapim.com.br\/index.php\/wp-json\/wp\/v2\/categories?post=3060"},{"taxonomy":"post_tag","embeddable":true,"href":"https:\/\/radioclubedeinhapim.com.br\/index.php\/wp-json\/wp\/v2\/tags?post=3060"}],"curies":[{"name":"wp","href":"https:\/\/api.w.org\/{rel}","templated":true}]}}