{"id":3073,"date":"2024-12-04T09:12:26","date_gmt":"2024-12-04T12:12:26","guid":{"rendered":"https:\/\/radioclubedeinhapim.com.br\/?p=3073"},"modified":"2024-12-04T09:12:26","modified_gmt":"2024-12-04T12:12:26","slug":"caminhao-com-carga-perigosa-misturada-a-alimentos-e-apreendido-pela-prf-em-caratinga","status":"publish","type":"post","link":"https:\/\/radioclubedeinhapim.com.br\/index.php\/2024\/12\/04\/caminhao-com-carga-perigosa-misturada-a-alimentos-e-apreendido-pela-prf-em-caratinga\/","title":{"rendered":"Caminh\u00e3o com carga perigosa misturada a alimentos \u00e9 apreendido pela PRF em Caratinga"},"content":{"rendered":"\n<p>A Pol\u00edcia Rodovi\u00e1ria Federal (PRF) apreendeu na \u00faltima ter\u00e7a-feira, 03 de dezembro de 2024, em Caratinga, um caminh\u00e3o-ba\u00fa transportando uma carga perigosa e irregular. Durante uma fiscaliza\u00e7\u00e3o de rotina na Unidade Operacional da cidade, os agentes descobriram que o ve\u00edculo misturava cola inflam\u00e1vel e outros produtos qu\u00edmicos com alimentos e ra\u00e7\u00e3o animal, representando risco \u00e0 sa\u00fade p\u00fablica.<\/p>\n\n\n\n<p>O <a><\/a>motorista, que alegou estar transportando tecidos de Aracaju (SE) para S\u00e3o Paulo (SP), levantou suspeitas ao apresentar documentos inconsistentes. Ao vistoriarem o compartimento de carga, os policiais localizaram 236 latas de um produto qu\u00edmico identificado como \u201cNorcola\u201d, altamente t\u00f3xico, inflam\u00e1vel e com risco de morte por inala\u00e7\u00e3o. Al\u00e9m disso, aproximadamente 1 tonelada de coco ralado, ra\u00e7\u00e3o para c\u00e3es e outros itens estavam armazenados de forma irregular junto aos produtos perigosos.<\/p>\n\n\n\n<p>A carga foi imediatamente lacrada e permanece \u00e0 disposi\u00e7\u00e3o da Autoridade Sanit\u00e1ria para avalia\u00e7\u00e3o e destina\u00e7\u00e3o adequada. Segundo a PRF, a mistura de produtos aliment\u00edcios com materiais qu\u00edmicos perigosos representa uma grave infra\u00e7\u00e3o \u00e0s normas de transporte de cargas, podendo causar s\u00e9rios danos \u00e0 sa\u00fade e ao meio ambiente.<\/p>\n\n\n\n<p>O caso segue sob investiga\u00e7\u00e3o, e o motorista poder\u00e1 responder por crimes relacionados ao transporte irregular de produtos perigosos e contra a sa\u00fade p\u00fablica. A PRF refor\u00e7a a import\u00e2ncia de fiscaliza\u00e7\u00f5es rigorosas para garantir a seguran\u00e7a nas rodovias e prevenir riscos \u00e0 popula\u00e7\u00e3o.<\/p>\n","protected":false},"excerpt":{"rendered":"<p>A Pol\u00edcia Rodovi\u00e1ria Federal (PRF) apreendeu na \u00faltima ter\u00e7a-feira, 03 de dezembro de 2024, em Caratinga, um caminh\u00e3o-ba\u00fa transportando uma carga perigosa e irregular. Durante uma fiscaliza\u00e7\u00e3o de rotina na Unidade Operacional da cidade, os agentes descobriram que o ve\u00edculo misturava cola inflam\u00e1vel e outros produtos qu\u00edmicos com alimentos e ra\u00e7\u00e3o animal, representando risco \u00e0 [&hellip;]<\/p>\n","protected":false},"author":2,"featured_media":3074,"comment_status":"open","ping_status":"open","sticky":false,"template":"","format":"standard","meta":{"footnotes":""},"categories":[5],"tags":[],"class_list":["post-3073","post","type-post","status-publish","format-standard","has-post-thumbnail","hentry","category-noticias"],"wpmagazine_modules_lite_featured_media_urls":{"thumbnail":["https:\/\/radioclubedeinhapim.com.br\/wp-content\/uploads\/2024\/12\/Copia-de-Inserir-um-subtitulo-2024-12-04T090657.386-150x150.jpg",150,150,true],"cvmm-medium":["https:\/\/radioclubedeinhapim.com.br\/wp-content\/uploads\/2024\/12\/Copia-de-Inserir-um-subtitulo-2024-12-04T090657.386-300x300.jpg",300,300,true],"cvmm-medium-plus":["https:\/\/radioclubedeinhapim.com.br\/wp-content\/uploads\/2024\/12\/Copia-de-Inserir-um-subtitulo-2024-12-04T090657.386-305x207.jpg",305,207,true],"cvmm-portrait":["https:\/\/radioclubedeinhapim.com.br\/wp-content\/uploads\/2024\/12\/Copia-de-Inserir-um-subtitulo-2024-12-04T090657.386-400x600.jpg",400,600,true],"cvmm-medium-square":["https:\/\/radioclubedeinhapim.com.br\/wp-content\/uploads\/2024\/12\/Copia-de-Inserir-um-subtitulo-2024-12-04T090657.386-600x600.jpg",600,600,true],"cvmm-large":["https:\/\/radioclubedeinhapim.com.br\/wp-content\/uploads\/2024\/12\/Copia-de-Inserir-um-subtitulo-2024-12-04T090657.386-1024x1024.jpg",1024,1024,true],"cvmm-small":["https:\/\/radioclubedeinhapim.com.br\/wp-content\/uploads\/2024\/12\/Copia-de-Inserir-um-subtitulo-2024-12-04T090657.386-130x95.jpg",130,95,true],"full":["https:\/\/radioclubedeinhapim.com.br\/wp-content\/uploads\/2024\/12\/Copia-de-Inserir-um-subtitulo-2024-12-04T090657.386.jpg",1080,1080,false]},"categories_names":{"5":{"name":"Not\u00edcias","link":"https:\/\/radioclubedeinhapim.com.br\/index.php\/category\/noticias\/"}},"tags_names":[],"comments_number":"0","_links":{"self":[{"href":"https:\/\/radioclubedeinhapim.com.br\/index.php\/wp-json\/wp\/v2\/posts\/3073","targetHints":{"allow":["GET"]}}],"collection":[{"href":"https:\/\/radioclubedeinhapim.com.br\/index.php\/wp-json\/wp\/v2\/posts"}],"about":[{"href":"https:\/\/radioclubedeinhapim.com.br\/index.php\/wp-json\/wp\/v2\/types\/post"}],"author":[{"embeddable":true,"href":"https:\/\/radioclubedeinhapim.com.br\/index.php\/wp-json\/wp\/v2\/users\/2"}],"replies":[{"embeddable":true,"href":"https:\/\/radioclubedeinhapim.com.br\/index.php\/wp-json\/wp\/v2\/comments?post=3073"}],"version-history":[{"count":1,"href":"https:\/\/radioclubedeinhapim.com.br\/index.php\/wp-json\/wp\/v2\/posts\/3073\/revisions"}],"predecessor-version":[{"id":3075,"href":"https:\/\/radioclubedeinhapim.com.br\/index.php\/wp-json\/wp\/v2\/posts\/3073\/revisions\/3075"}],"wp:featuredmedia":[{"embeddable":true,"href":"https:\/\/radioclubedeinhapim.com.br\/index.php\/wp-json\/wp\/v2\/media\/3074"}],"wp:attachment":[{"href":"https:\/\/radioclubedeinhapim.com.br\/index.php\/wp-json\/wp\/v2\/media?parent=3073"}],"wp:term":[{"taxonomy":"category","embeddable":true,"href":"https:\/\/radioclubedeinhapim.com.br\/index.php\/wp-json\/wp\/v2\/categories?post=3073"},{"taxonomy":"post_tag","embeddable":true,"href":"https:\/\/radioclubedeinhapim.com.br\/index.php\/wp-json\/wp\/v2\/tags?post=3073"}],"curies":[{"name":"wp","href":"https:\/\/api.w.org\/{rel}","templated":true}]}}