{"id":3223,"date":"2024-12-19T09:58:38","date_gmt":"2024-12-19T12:58:38","guid":{"rendered":"https:\/\/radioclubedeinhapim.com.br\/?p=3223"},"modified":"2024-12-19T09:58:38","modified_gmt":"2024-12-19T12:58:38","slug":"colisao-frontal-entre-carro-e-caminhao-mata-idoso-em-piedade-de-caratinga","status":"publish","type":"post","link":"https:\/\/radioclubedeinhapim.com.br\/index.php\/2024\/12\/19\/colisao-frontal-entre-carro-e-caminhao-mata-idoso-em-piedade-de-caratinga\/","title":{"rendered":"Colis\u00e3o frontal entre carro e caminh\u00e3o mata idoso em Piedade de Caratinga"},"content":{"rendered":"\n<p><a href=\"https:\/\/www.facebook.com\/share\/v\/1Cn5boBEPh\/\" data-type=\"link\" data-id=\"https:\/\/www.facebook.com\/share\/v\/1Cn5boBEPh\/\">CLIQUE AQUI E ASSISTA O V\u00cdDEO<\/a><\/p>\n\n\n\n<p>Um grave acidente na noite desta quarta-feira (18) na BR-474, na entrada de Piedade de Caratinga, resultou na morte de Sebasti\u00e3o Martins da Silva, de 70 anos.<\/p>\n\n\n\n<p>Sebasti\u00e3o estava em um ve\u00edculo Fiat Siena que colidiu frontalmente com um caminh\u00e3o ba\u00fa. O impacto foi t\u00e3o violento que o idoso n\u00e3o resistiu aos ferimentos e foi encontrado j\u00e1 sem vida pela equipe do Corpo de Bombeiros, que rapidamente se <a><\/a>deslocou para o local.<\/p>\n\n\n\n<p>Ap\u00f3s os procedimentos periciais, o corpo da v\u00edtima foi removido pelo Servi\u00e7o Funer\u00e1rio e encaminhado ao Instituto M\u00e9dico Legal (IML) para os tr\u00e2mites necess\u00e1rios.<\/p>\n\n\n\n<p>A Pol\u00edcia Militar foi acionada para isolar a \u00e1rea e garantir a seguran\u00e7a at\u00e9 a chegada da per\u00edcia t\u00e9cnica da Pol\u00edcia Civil. As autoridades agora investigam as circunst\u00e2ncias e poss\u00edveis causas do acidente.<\/p>\n\n\n\n<p>Este tr\u00e1gico ocorrido refor\u00e7a a import\u00e2ncia de redobrar a aten\u00e7\u00e3o e adotar medidas de seguran\u00e7a ao trafegar por rodovias, especialmente em trechos com alto fluxo de ve\u00edculos pesados.<\/p>\n\n\n\n<p>As investiga\u00e7\u00f5es seguem, e novas informa\u00e7\u00f5es poder\u00e3o ser divulgadas conforme o avan\u00e7o dos trabalhos periciais.<\/p>\n\n\n\n<p><\/p>\n","protected":false},"excerpt":{"rendered":"<p>CLIQUE AQUI E ASSISTA O V\u00cdDEO Um grave acidente na noite desta quarta-feira (18) na BR-474, na entrada de Piedade de Caratinga, resultou na morte de Sebasti\u00e3o Martins da Silva, de 70 anos. Sebasti\u00e3o estava em um ve\u00edculo Fiat Siena que colidiu frontalmente com um caminh\u00e3o ba\u00fa. O impacto foi t\u00e3o violento que o idoso [&hellip;]<\/p>\n","protected":false},"author":2,"featured_media":3224,"comment_status":"open","ping_status":"open","sticky":false,"template":"","format":"standard","meta":{"footnotes":""},"categories":[5],"tags":[],"class_list":["post-3223","post","type-post","status-publish","format-standard","has-post-thumbnail","hentry","category-noticias"],"wpmagazine_modules_lite_featured_media_urls":{"thumbnail":["https:\/\/radioclubedeinhapim.com.br\/wp-content\/uploads\/2024\/12\/WhatsApp-Image-2024-12-19-at-09.57.32-150x150.jpeg",150,150,true],"cvmm-medium":["https:\/\/radioclubedeinhapim.com.br\/wp-content\/uploads\/2024\/12\/WhatsApp-Image-2024-12-19-at-09.57.32-300x300.jpeg",300,300,true],"cvmm-medium-plus":["https:\/\/radioclubedeinhapim.com.br\/wp-content\/uploads\/2024\/12\/WhatsApp-Image-2024-12-19-at-09.57.32-305x207.jpeg",305,207,true],"cvmm-portrait":["https:\/\/radioclubedeinhapim.com.br\/wp-content\/uploads\/2024\/12\/WhatsApp-Image-2024-12-19-at-09.57.32-400x600.jpeg",400,600,true],"cvmm-medium-square":["https:\/\/radioclubedeinhapim.com.br\/wp-content\/uploads\/2024\/12\/WhatsApp-Image-2024-12-19-at-09.57.32-600x600.jpeg",600,600,true],"cvmm-large":["https:\/\/radioclubedeinhapim.com.br\/wp-content\/uploads\/2024\/12\/WhatsApp-Image-2024-12-19-at-09.57.32.jpeg",797,776,false],"cvmm-small":["https:\/\/radioclubedeinhapim.com.br\/wp-content\/uploads\/2024\/12\/WhatsApp-Image-2024-12-19-at-09.57.32-130x95.jpeg",130,95,true],"full":["https:\/\/radioclubedeinhapim.com.br\/wp-content\/uploads\/2024\/12\/WhatsApp-Image-2024-12-19-at-09.57.32.jpeg",797,776,false]},"categories_names":{"5":{"name":"Not\u00edcias","link":"https:\/\/radioclubedeinhapim.com.br\/index.php\/category\/noticias\/"}},"tags_names":[],"comments_number":"0","_links":{"self":[{"href":"https:\/\/radioclubedeinhapim.com.br\/index.php\/wp-json\/wp\/v2\/posts\/3223","targetHints":{"allow":["GET"]}}],"collection":[{"href":"https:\/\/radioclubedeinhapim.com.br\/index.php\/wp-json\/wp\/v2\/posts"}],"about":[{"href":"https:\/\/radioclubedeinhapim.com.br\/index.php\/wp-json\/wp\/v2\/types\/post"}],"author":[{"embeddable":true,"href":"https:\/\/radioclubedeinhapim.com.br\/index.php\/wp-json\/wp\/v2\/users\/2"}],"replies":[{"embeddable":true,"href":"https:\/\/radioclubedeinhapim.com.br\/index.php\/wp-json\/wp\/v2\/comments?post=3223"}],"version-history":[{"count":1,"href":"https:\/\/radioclubedeinhapim.com.br\/index.php\/wp-json\/wp\/v2\/posts\/3223\/revisions"}],"predecessor-version":[{"id":3225,"href":"https:\/\/radioclubedeinhapim.com.br\/index.php\/wp-json\/wp\/v2\/posts\/3223\/revisions\/3225"}],"wp:featuredmedia":[{"embeddable":true,"href":"https:\/\/radioclubedeinhapim.com.br\/index.php\/wp-json\/wp\/v2\/media\/3224"}],"wp:attachment":[{"href":"https:\/\/radioclubedeinhapim.com.br\/index.php\/wp-json\/wp\/v2\/media?parent=3223"}],"wp:term":[{"taxonomy":"category","embeddable":true,"href":"https:\/\/radioclubedeinhapim.com.br\/index.php\/wp-json\/wp\/v2\/categories?post=3223"},{"taxonomy":"post_tag","embeddable":true,"href":"https:\/\/radioclubedeinhapim.com.br\/index.php\/wp-json\/wp\/v2\/tags?post=3223"}],"curies":[{"name":"wp","href":"https:\/\/api.w.org\/{rel}","templated":true}]}}