{"id":3240,"date":"2024-12-20T08:42:11","date_gmt":"2024-12-20T11:42:11","guid":{"rendered":"https:\/\/radioclubedeinhapim.com.br\/?p=3240"},"modified":"2024-12-20T08:42:11","modified_gmt":"2024-12-20T11:42:11","slug":"rolo-compressor-se-desprende-de-carreta-apos-batida-atinge-veiculos-e-deixa-dois-mortos-em-mg","status":"publish","type":"post","link":"https:\/\/radioclubedeinhapim.com.br\/index.php\/2024\/12\/20\/rolo-compressor-se-desprende-de-carreta-apos-batida-atinge-veiculos-e-deixa-dois-mortos-em-mg\/","title":{"rendered":"Rolo compressor se desprende de carreta ap\u00f3s batida, atinge ve\u00edculos e deixa dois mortos em MG"},"content":{"rendered":"\n<p>Um grave acidente envolvendo quatro ve\u00edculos foi registrado na tarde desta quinta-feira (19), na BR-116, pr\u00f3ximo a Manhua\u00e7u, em Minas Gerais. A batida deixou duas pessoas mortas e outras tr\u00eas feridas.<\/p>\n\n\n\n<p>De acordo com o Corpo de Bombeiros, o acidente teve in\u00edcio quando um caminh\u00e3o e uma carreta colidiram. Com o impacto, um rolo compressor transportado pela carreta se desprendeu, <a><\/a>atingindo uma van e um carro que seguiam atr\u00e1s do caminh\u00e3o.<\/p>\n\n\n\n<p>O motorista do caminh\u00e3o ficou preso \u00e0s ferragens, mas foi resgatado e levado ao hospital com fratura na perna. O ajudante dele, que estava no banco do passageiro, teve ferimentos leves.<\/p>\n\n\n\n<p>No carro, o motorista Pedro Paulo de Oliveira, de 49 anos, morreu no local. A esposa dele, que estava no banco do passageiro, foi socorrida em estado grave e encaminhada a um hospital em Manhua\u00e7u. O casal estava a caminho de Matip\u00f3 para a formatura da filha.<\/p>\n\n\n\n<p>A van, ap\u00f3s ser atingida pelo rolo compressor, caiu em um barranco e ficou parcialmente submersa em um c\u00f3rrego. Augusto Pereira de Carvalho, de 30 anos, motorista auxiliar, tamb\u00e9m morreu no local. O passageiro que o acompanhava foi resgatado com vida e levado para atendimento m\u00e9dico.<\/p>\n\n\n\n<p>Equipes do Corpo de Bombeiros, do Samu e da Pol\u00edcia Rodovi\u00e1ria Federal atuaram no local para socorrer as v\u00edtimas e liberar a via. O tr\u00e2nsito na rodovia ficou parcialmente interditado durante o trabalho de remo\u00e7\u00e3o dos ve\u00edculos e limpeza da pista.<\/p>\n","protected":false},"excerpt":{"rendered":"<p>Um grave acidente envolvendo quatro ve\u00edculos foi registrado na tarde desta quinta-feira (19), na BR-116, pr\u00f3ximo a Manhua\u00e7u, em Minas Gerais. A batida deixou duas pessoas mortas e outras tr\u00eas feridas. De acordo com o Corpo de Bombeiros, o acidente teve in\u00edcio quando um caminh\u00e3o e uma carreta colidiram. Com o impacto, um rolo compressor [&hellip;]<\/p>\n","protected":false},"author":2,"featured_media":3241,"comment_status":"open","ping_status":"open","sticky":false,"template":"","format":"standard","meta":{"footnotes":""},"categories":[5],"tags":[],"class_list":["post-3240","post","type-post","status-publish","format-standard","has-post-thumbnail","hentry","category-noticias"],"wpmagazine_modules_lite_featured_media_urls":{"thumbnail":["https:\/\/radioclubedeinhapim.com.br\/wp-content\/uploads\/2024\/12\/Copia-de-Inserir-um-subtitulo-24-150x150.jpg",150,150,true],"cvmm-medium":["https:\/\/radioclubedeinhapim.com.br\/wp-content\/uploads\/2024\/12\/Copia-de-Inserir-um-subtitulo-24-300x300.jpg",300,300,true],"cvmm-medium-plus":["https:\/\/radioclubedeinhapim.com.br\/wp-content\/uploads\/2024\/12\/Copia-de-Inserir-um-subtitulo-24-305x207.jpg",305,207,true],"cvmm-portrait":["https:\/\/radioclubedeinhapim.com.br\/wp-content\/uploads\/2024\/12\/Copia-de-Inserir-um-subtitulo-24-400x600.jpg",400,600,true],"cvmm-medium-square":["https:\/\/radioclubedeinhapim.com.br\/wp-content\/uploads\/2024\/12\/Copia-de-Inserir-um-subtitulo-24-600x600.jpg",600,600,true],"cvmm-large":["https:\/\/radioclubedeinhapim.com.br\/wp-content\/uploads\/2024\/12\/Copia-de-Inserir-um-subtitulo-24-1024x1024.jpg",1024,1024,true],"cvmm-small":["https:\/\/radioclubedeinhapim.com.br\/wp-content\/uploads\/2024\/12\/Copia-de-Inserir-um-subtitulo-24-130x95.jpg",130,95,true],"full":["https:\/\/radioclubedeinhapim.com.br\/wp-content\/uploads\/2024\/12\/Copia-de-Inserir-um-subtitulo-24.jpg",1080,1080,false]},"categories_names":{"5":{"name":"Not\u00edcias","link":"https:\/\/radioclubedeinhapim.com.br\/index.php\/category\/noticias\/"}},"tags_names":[],"comments_number":"0","_links":{"self":[{"href":"https:\/\/radioclubedeinhapim.com.br\/index.php\/wp-json\/wp\/v2\/posts\/3240","targetHints":{"allow":["GET"]}}],"collection":[{"href":"https:\/\/radioclubedeinhapim.com.br\/index.php\/wp-json\/wp\/v2\/posts"}],"about":[{"href":"https:\/\/radioclubedeinhapim.com.br\/index.php\/wp-json\/wp\/v2\/types\/post"}],"author":[{"embeddable":true,"href":"https:\/\/radioclubedeinhapim.com.br\/index.php\/wp-json\/wp\/v2\/users\/2"}],"replies":[{"embeddable":true,"href":"https:\/\/radioclubedeinhapim.com.br\/index.php\/wp-json\/wp\/v2\/comments?post=3240"}],"version-history":[{"count":1,"href":"https:\/\/radioclubedeinhapim.com.br\/index.php\/wp-json\/wp\/v2\/posts\/3240\/revisions"}],"predecessor-version":[{"id":3242,"href":"https:\/\/radioclubedeinhapim.com.br\/index.php\/wp-json\/wp\/v2\/posts\/3240\/revisions\/3242"}],"wp:featuredmedia":[{"embeddable":true,"href":"https:\/\/radioclubedeinhapim.com.br\/index.php\/wp-json\/wp\/v2\/media\/3241"}],"wp:attachment":[{"href":"https:\/\/radioclubedeinhapim.com.br\/index.php\/wp-json\/wp\/v2\/media?parent=3240"}],"wp:term":[{"taxonomy":"category","embeddable":true,"href":"https:\/\/radioclubedeinhapim.com.br\/index.php\/wp-json\/wp\/v2\/categories?post=3240"},{"taxonomy":"post_tag","embeddable":true,"href":"https:\/\/radioclubedeinhapim.com.br\/index.php\/wp-json\/wp\/v2\/tags?post=3240"}],"curies":[{"name":"wp","href":"https:\/\/api.w.org\/{rel}","templated":true}]}}