{"id":3497,"date":"2025-01-09T16:51:55","date_gmt":"2025-01-09T19:51:55","guid":{"rendered":"https:\/\/radioclubedeinhapim.com.br\/?p=3497"},"modified":"2025-01-09T16:51:55","modified_gmt":"2025-01-09T19:51:55","slug":"rio-caratinga-sobe-devido-as-chuvas-e-preocupa-moradores-de-inhapim","status":"publish","type":"post","link":"https:\/\/radioclubedeinhapim.com.br\/index.php\/2025\/01\/09\/rio-caratinga-sobe-devido-as-chuvas-e-preocupa-moradores-de-inhapim\/","title":{"rendered":"RIO CARATINGA SOBE DEVIDO \u00c0S CHUVAS E PREOCUPA MORADORES DE INHAPIM"},"content":{"rendered":"\n<p><a href=\"https:\/\/www.instagram.com\/p\/DEngNBXsGIN\/\" data-type=\"link\" data-id=\"https:\/\/www.instagram.com\/p\/DEngNBXsGIN\/\">CLIQUE AQUI E ASSISTA O V\u00cdDEO<\/a><\/p>\n\n\n\n<p>As recentes chuvas intensas que atingem a regi\u00e3o t\u00eam provocado um aumento significativo no volume do Rio Caratinga, que corta a cidade de Inhapim. A equipe da R\u00e1dio Clube de Inhapim percorreu os principais pontos da cidade e constatou que o n\u00edvel das \u00e1guas est\u00e1 bem acima do habitual, gerando apreens\u00e3o na popula\u00e7\u00e3o local, especialmente nas \u00e1reas mais baixas, que s\u00e3o suscet\u00edveis a alagamentos.<\/p>\n\n\n\n<p>O Instituto Nacional de Meteorologia (INMET) emitiu um alerta v\u00e1lido a partir das 10h de hoje (09\/01\/2025), prevendo chuvas de 30 a 60 mm\/h ou de 50 a 100 mm\/dia, al\u00e9m de ventos intensos com velocidades entre 60 e 100 km\/h. H\u00e1 risco de quedas de \u00e1rvores, cortes no fornecimento de energia el\u00e9trica, alagamentos e descargas el\u00e9tricas.<\/p>\n\n\n\n<h3 class=\"wp-block-heading\">PREVIS\u00c3O DO TEMPO E RECOMENDA\u00c7\u00d5ES<\/h3>\n\n\n\n<p>Para esta quinta-feira, 09 de janeiro, a previs\u00e3o do tempo em Inhapim indica per\u00edodos de chuva durante todo o dia, com possibilidade de tempestades localizadas no per\u00edodo da tarde e \u00e0 noite. A temperatura deve variar entre 20\u00b0C e 28\u00b0C, e a umidade relativa do ar se manter\u00e1 alta.<\/p>\n\n\n\n<p>As autoridades recomendam:<\/p>\n\n\n\n<ul class=\"wp-block-list\">\n<li>Evitar locais pr\u00f3ximos a encostas e \u00e1reas alag\u00e1veis;<\/li>\n\n\n\n<li>N\u00e3o enfrentar ruas ou estradas inundadas;<\/li>\n\n\n\n<li>Desligar aparelhos el\u00e9tricos em caso de raios;<\/li>\n\n\n\n<li>Redobrar a aten\u00e7\u00e3o no tr\u00e2nsito, especialmente em trechos onde possam ocorrer quedas de galhos ou \u00e1rvores.<\/li>\n<\/ul>\n\n\n\n<p>A R\u00e1dio Clube de Inhapim seguir\u00e1 acompanhando a situa\u00e7\u00e3o do Rio Caratinga e trazendo informa\u00e7\u00f5es atualizadas para manter a popula\u00e7\u00e3o bem informada.<\/p>\n","protected":false},"excerpt":{"rendered":"<p>CLIQUE AQUI E ASSISTA O V\u00cdDEO As recentes chuvas intensas que atingem a regi\u00e3o t\u00eam provocado um aumento significativo no volume do Rio Caratinga, que corta a cidade de Inhapim. A equipe da R\u00e1dio Clube de Inhapim percorreu os principais pontos da cidade e constatou que o n\u00edvel das \u00e1guas est\u00e1 bem acima do habitual, [&hellip;]<\/p>\n","protected":false},"author":2,"featured_media":3498,"comment_status":"open","ping_status":"open","sticky":false,"template":"","format":"standard","meta":{"footnotes":""},"categories":[5],"tags":[],"class_list":["post-3497","post","type-post","status-publish","format-standard","has-post-thumbnail","hentry","category-noticias"],"wpmagazine_modules_lite_featured_media_urls":{"thumbnail":["https:\/\/radioclubedeinhapim.com.br\/wp-content\/uploads\/2025\/01\/Entrevista-com-Sidnei-lopes-da-costa-chefe-da-administracao-fazendaria-de-caratinga-4-150x150.jpg",150,150,true],"cvmm-medium":["https:\/\/radioclubedeinhapim.com.br\/wp-content\/uploads\/2025\/01\/Entrevista-com-Sidnei-lopes-da-costa-chefe-da-administracao-fazendaria-de-caratinga-4-300x300.jpg",300,300,true],"cvmm-medium-plus":["https:\/\/radioclubedeinhapim.com.br\/wp-content\/uploads\/2025\/01\/Entrevista-com-Sidnei-lopes-da-costa-chefe-da-administracao-fazendaria-de-caratinga-4-305x207.jpg",305,207,true],"cvmm-portrait":["https:\/\/radioclubedeinhapim.com.br\/wp-content\/uploads\/2025\/01\/Entrevista-com-Sidnei-lopes-da-costa-chefe-da-administracao-fazendaria-de-caratinga-4-400x600.jpg",400,600,true],"cvmm-medium-square":["https:\/\/radioclubedeinhapim.com.br\/wp-content\/uploads\/2025\/01\/Entrevista-com-Sidnei-lopes-da-costa-chefe-da-administracao-fazendaria-de-caratinga-4-600x600.jpg",600,600,true],"cvmm-large":["https:\/\/radioclubedeinhapim.com.br\/wp-content\/uploads\/2025\/01\/Entrevista-com-Sidnei-lopes-da-costa-chefe-da-administracao-fazendaria-de-caratinga-4-1024x1024.jpg",1024,1024,true],"cvmm-small":["https:\/\/radioclubedeinhapim.com.br\/wp-content\/uploads\/2025\/01\/Entrevista-com-Sidnei-lopes-da-costa-chefe-da-administracao-fazendaria-de-caratinga-4-130x95.jpg",130,95,true],"full":["https:\/\/radioclubedeinhapim.com.br\/wp-content\/uploads\/2025\/01\/Entrevista-com-Sidnei-lopes-da-costa-chefe-da-administracao-fazendaria-de-caratinga-4.jpg",1080,1080,false]},"categories_names":{"5":{"name":"Not\u00edcias","link":"https:\/\/radioclubedeinhapim.com.br\/index.php\/category\/noticias\/"}},"tags_names":[],"comments_number":"0","_links":{"self":[{"href":"https:\/\/radioclubedeinhapim.com.br\/index.php\/wp-json\/wp\/v2\/posts\/3497","targetHints":{"allow":["GET"]}}],"collection":[{"href":"https:\/\/radioclubedeinhapim.com.br\/index.php\/wp-json\/wp\/v2\/posts"}],"about":[{"href":"https:\/\/radioclubedeinhapim.com.br\/index.php\/wp-json\/wp\/v2\/types\/post"}],"author":[{"embeddable":true,"href":"https:\/\/radioclubedeinhapim.com.br\/index.php\/wp-json\/wp\/v2\/users\/2"}],"replies":[{"embeddable":true,"href":"https:\/\/radioclubedeinhapim.com.br\/index.php\/wp-json\/wp\/v2\/comments?post=3497"}],"version-history":[{"count":1,"href":"https:\/\/radioclubedeinhapim.com.br\/index.php\/wp-json\/wp\/v2\/posts\/3497\/revisions"}],"predecessor-version":[{"id":3499,"href":"https:\/\/radioclubedeinhapim.com.br\/index.php\/wp-json\/wp\/v2\/posts\/3497\/revisions\/3499"}],"wp:featuredmedia":[{"embeddable":true,"href":"https:\/\/radioclubedeinhapim.com.br\/index.php\/wp-json\/wp\/v2\/media\/3498"}],"wp:attachment":[{"href":"https:\/\/radioclubedeinhapim.com.br\/index.php\/wp-json\/wp\/v2\/media?parent=3497"}],"wp:term":[{"taxonomy":"category","embeddable":true,"href":"https:\/\/radioclubedeinhapim.com.br\/index.php\/wp-json\/wp\/v2\/categories?post=3497"},{"taxonomy":"post_tag","embeddable":true,"href":"https:\/\/radioclubedeinhapim.com.br\/index.php\/wp-json\/wp\/v2\/tags?post=3497"}],"curies":[{"name":"wp","href":"https:\/\/api.w.org\/{rel}","templated":true}]}}