{"id":3808,"date":"2025-01-29T14:55:00","date_gmt":"2025-01-29T17:55:00","guid":{"rendered":"https:\/\/radioclubedeinhapim.com.br\/?p=3808"},"modified":"2025-01-29T14:55:00","modified_gmt":"2025-01-29T17:55:00","slug":"motorista-foge-com-carro-apreendido-durante-blitz-em-fabriciano-e-debocha-da-policia-nas-redes-sociais","status":"publish","type":"post","link":"https:\/\/radioclubedeinhapim.com.br\/index.php\/2025\/01\/29\/motorista-foge-com-carro-apreendido-durante-blitz-em-fabriciano-e-debocha-da-policia-nas-redes-sociais\/","title":{"rendered":"Motorista foge com carro apreendido durante blitz em Fabriciano e debocha da pol\u00edcia nas redes sociais"},"content":{"rendered":"\n<p>Uma abordagem de rotina da Pol\u00edcia Militar Rodovi\u00e1ria Estadual se transformou em uma persegui\u00e7\u00e3o inesperada na tarde desta ter\u00e7a-feira (28), na Avenida Presidente Tancredo de Almeida Neves, no bairro Caladinho. Durante uma blitz, os policiais abordaram um ve\u00edculo com diversas irregularidades e informaram ao condutor que o carro seria apreendido. Inicialmente, ele aceitou a decis\u00e3o, mas, ao chegar o guincho credenciado, ele pediu a chave sob o pretexto de pegar documentos no porta-luvas. No entanto, assim que teve a chave em m\u00e3os, deu partida e fugiu com o ve\u00edculo.<\/p>\n\n\n\n<p>Ap\u00f3s a fuga, o condutor foi ainda mais longe ao postar v\u00eddeos e mensagens em suas redes sociais, ironizando a a\u00e7\u00e3o da pol\u00edcia. A atitude provocou ainda mais a indigna\u00e7\u00e3o dos militares, que iniciaram buscas para localiz\u00e1-lo.<\/p>\n\n\n\n<p>Com base nas informa\u00e7\u00f5es coletadas, os policiais conseguiram localizar o paradeiro do suspeito e do ve\u00edculo. Ao perceber a chegada da pol\u00edcia, ele ainda tentou fugir a p\u00e9, mas foi rapidamente alcan\u00e7ado e preso.&nbsp;<\/p>\n","protected":false},"excerpt":{"rendered":"<p>Uma abordagem de rotina da Pol\u00edcia Militar Rodovi\u00e1ria Estadual se transformou em uma persegui\u00e7\u00e3o inesperada na tarde desta ter\u00e7a-feira (28), na Avenida Presidente Tancredo de Almeida Neves, no bairro Caladinho. Durante uma blitz, os policiais abordaram um ve\u00edculo com diversas irregularidades e informaram ao condutor que o carro seria apreendido. Inicialmente, ele aceitou a decis\u00e3o, [&hellip;]<\/p>\n","protected":false},"author":2,"featured_media":3809,"comment_status":"open","ping_status":"open","sticky":false,"template":"","format":"standard","meta":{"footnotes":""},"categories":[5],"tags":[],"class_list":["post-3808","post","type-post","status-publish","format-standard","has-post-thumbnail","hentry","category-noticias"],"wpmagazine_modules_lite_featured_media_urls":{"thumbnail":["https:\/\/radioclubedeinhapim.com.br\/wp-content\/uploads\/2025\/01\/6-150x150.jpg",150,150,true],"cvmm-medium":["https:\/\/radioclubedeinhapim.com.br\/wp-content\/uploads\/2025\/01\/6-300x300.jpg",300,300,true],"cvmm-medium-plus":["https:\/\/radioclubedeinhapim.com.br\/wp-content\/uploads\/2025\/01\/6-305x207.jpg",305,207,true],"cvmm-portrait":["https:\/\/radioclubedeinhapim.com.br\/wp-content\/uploads\/2025\/01\/6-400x600.jpg",400,600,true],"cvmm-medium-square":["https:\/\/radioclubedeinhapim.com.br\/wp-content\/uploads\/2025\/01\/6-600x600.jpg",600,600,true],"cvmm-large":["https:\/\/radioclubedeinhapim.com.br\/wp-content\/uploads\/2025\/01\/6-1024x1024.jpg",1024,1024,true],"cvmm-small":["https:\/\/radioclubedeinhapim.com.br\/wp-content\/uploads\/2025\/01\/6-130x95.jpg",130,95,true],"full":["https:\/\/radioclubedeinhapim.com.br\/wp-content\/uploads\/2025\/01\/6.jpg",1080,1080,false]},"categories_names":{"5":{"name":"Not\u00edcias","link":"https:\/\/radioclubedeinhapim.com.br\/index.php\/category\/noticias\/"}},"tags_names":[],"comments_number":"0","_links":{"self":[{"href":"https:\/\/radioclubedeinhapim.com.br\/index.php\/wp-json\/wp\/v2\/posts\/3808","targetHints":{"allow":["GET"]}}],"collection":[{"href":"https:\/\/radioclubedeinhapim.com.br\/index.php\/wp-json\/wp\/v2\/posts"}],"about":[{"href":"https:\/\/radioclubedeinhapim.com.br\/index.php\/wp-json\/wp\/v2\/types\/post"}],"author":[{"embeddable":true,"href":"https:\/\/radioclubedeinhapim.com.br\/index.php\/wp-json\/wp\/v2\/users\/2"}],"replies":[{"embeddable":true,"href":"https:\/\/radioclubedeinhapim.com.br\/index.php\/wp-json\/wp\/v2\/comments?post=3808"}],"version-history":[{"count":1,"href":"https:\/\/radioclubedeinhapim.com.br\/index.php\/wp-json\/wp\/v2\/posts\/3808\/revisions"}],"predecessor-version":[{"id":3810,"href":"https:\/\/radioclubedeinhapim.com.br\/index.php\/wp-json\/wp\/v2\/posts\/3808\/revisions\/3810"}],"wp:featuredmedia":[{"embeddable":true,"href":"https:\/\/radioclubedeinhapim.com.br\/index.php\/wp-json\/wp\/v2\/media\/3809"}],"wp:attachment":[{"href":"https:\/\/radioclubedeinhapim.com.br\/index.php\/wp-json\/wp\/v2\/media?parent=3808"}],"wp:term":[{"taxonomy":"category","embeddable":true,"href":"https:\/\/radioclubedeinhapim.com.br\/index.php\/wp-json\/wp\/v2\/categories?post=3808"},{"taxonomy":"post_tag","embeddable":true,"href":"https:\/\/radioclubedeinhapim.com.br\/index.php\/wp-json\/wp\/v2\/tags?post=3808"}],"curies":[{"name":"wp","href":"https:\/\/api.w.org\/{rel}","templated":true}]}}