{"id":3827,"date":"2025-01-30T10:44:39","date_gmt":"2025-01-30T13:44:39","guid":{"rendered":"https:\/\/radioclubedeinhapim.com.br\/?p=3827"},"modified":"2025-01-30T10:44:39","modified_gmt":"2025-01-30T13:44:39","slug":"trump-anuncia-transferencia-de-imigrantes-ilegais-para-guantanamo-novos-decretos-aumentam-o-medo-entre-estrangeiros-nos-eua","status":"publish","type":"post","link":"https:\/\/radioclubedeinhapim.com.br\/index.php\/2025\/01\/30\/trump-anuncia-transferencia-de-imigrantes-ilegais-para-guantanamo-novos-decretos-aumentam-o-medo-entre-estrangeiros-nos-eua\/","title":{"rendered":"Trump anuncia transfer\u00eancia de imigrantes ilegais para Guant\u00e1namo: novos decretos aumentam o medo entre estrangeiros nos EUA"},"content":{"rendered":"\n<p>Em uma decis\u00e3o pol\u00eamica, o presidente dos Estados Unidos, Donald Trump, anunciou a cria\u00e7\u00e3o de um centro de deten\u00e7\u00e3o para imigrantes ilegais na base de Guant\u00e1namo, em Cuba. A medida visa transferir at\u00e9 30 mil imigrantes irregulares para a pris\u00e3o, conhecida por abrigar terroristas capturados nas guerras do Iraque e Afeganist\u00e3o. A instala\u00e7\u00e3o, marcada por <a><\/a>den\u00fancias de abusos e torturas desde sua cria\u00e7\u00e3o em 2002, agora ser\u00e1 adaptada para imigrantes.<\/p>\n\n\n\n<p>Trump defendeu a a\u00e7\u00e3o como um refor\u00e7o na capacidade de deten\u00e7\u00e3o, mas n\u00e3o esclareceu se expandir\u00e1 a pris\u00e3o existente ou criar\u00e1 novas instala\u00e7\u00f5es. A medida foi anunciada em conjunto com a assinatura de uma lei, chamada &#8220;Laken Riley&#8221;, que acelera a pris\u00e3o e deporta\u00e7\u00e3o de imigrantes acusados de crimes violentos, como homic\u00eddios e agress\u00f5es. A lei, que leva o nome de uma jovem assassinada em 2024 por um imigrante ilegal, reflete o endurecimento da pol\u00edtica migrat\u00f3ria.<\/p>\n\n\n\n<p>A medida gerou p\u00e2nico nas comunidades imigrantes, como em Newark, Nova Jersey, onde muitos brasileiros vivem. Com opera\u00e7\u00f5es frequentes do ICE (Pol\u00edcia de Imigra\u00e7\u00e3o dos EUA), os imigrantes temem ser presos e separados de suas fam\u00edlias. &#8220;Vivemos com medo, principalmente os que t\u00eam filhos nascidos aqui&#8221;, diz uma imigrante brasileira.<\/p>\n\n\n\n<p>Organiza\u00e7\u00f5es de direitos humanos alertam para os riscos dessa pol\u00edtica, argumentando que a medida compromete os direitos dos imigrantes e contradiz os valores hist\u00f3ricos de acolhimento dos EUA. A proposta de Trump refor\u00e7a a tens\u00e3o entre seguran\u00e7a e direitos civis, com crescente oposi\u00e7\u00e3o interna e internacional.<\/p>\n\n\n\n<p>O futuro das comunidades imigrantes nos EUA agora depende da continuidade dessa pol\u00edtica, que promete redefinir a abordagem do pa\u00eds \u00e0 imigra\u00e7\u00e3o e aos direitos humanos.<\/p>\n","protected":false},"excerpt":{"rendered":"<p>Em uma decis\u00e3o pol\u00eamica, o presidente dos Estados Unidos, Donald Trump, anunciou a cria\u00e7\u00e3o de um centro de deten\u00e7\u00e3o para imigrantes ilegais na base de Guant\u00e1namo, em Cuba. A medida visa transferir at\u00e9 30 mil imigrantes irregulares para a pris\u00e3o, conhecida por abrigar terroristas capturados nas guerras do Iraque e Afeganist\u00e3o. A instala\u00e7\u00e3o, marcada por [&hellip;]<\/p>\n","protected":false},"author":2,"featured_media":3828,"comment_status":"open","ping_status":"open","sticky":false,"template":"","format":"standard","meta":{"footnotes":""},"categories":[5],"tags":[],"class_list":["post-3827","post","type-post","status-publish","format-standard","has-post-thumbnail","hentry","category-noticias"],"wpmagazine_modules_lite_featured_media_urls":{"thumbnail":["https:\/\/radioclubedeinhapim.com.br\/wp-content\/uploads\/2025\/01\/Copia-de-Inserir-um-subtitulo-4-4-150x150.jpg",150,150,true],"cvmm-medium":["https:\/\/radioclubedeinhapim.com.br\/wp-content\/uploads\/2025\/01\/Copia-de-Inserir-um-subtitulo-4-4-300x300.jpg",300,300,true],"cvmm-medium-plus":["https:\/\/radioclubedeinhapim.com.br\/wp-content\/uploads\/2025\/01\/Copia-de-Inserir-um-subtitulo-4-4-305x207.jpg",305,207,true],"cvmm-portrait":["https:\/\/radioclubedeinhapim.com.br\/wp-content\/uploads\/2025\/01\/Copia-de-Inserir-um-subtitulo-4-4-400x600.jpg",400,600,true],"cvmm-medium-square":["https:\/\/radioclubedeinhapim.com.br\/wp-content\/uploads\/2025\/01\/Copia-de-Inserir-um-subtitulo-4-4-600x600.jpg",600,600,true],"cvmm-large":["https:\/\/radioclubedeinhapim.com.br\/wp-content\/uploads\/2025\/01\/Copia-de-Inserir-um-subtitulo-4-4-1024x1024.jpg",1024,1024,true],"cvmm-small":["https:\/\/radioclubedeinhapim.com.br\/wp-content\/uploads\/2025\/01\/Copia-de-Inserir-um-subtitulo-4-4-130x95.jpg",130,95,true],"full":["https:\/\/radioclubedeinhapim.com.br\/wp-content\/uploads\/2025\/01\/Copia-de-Inserir-um-subtitulo-4-4.jpg",1080,1080,false]},"categories_names":{"5":{"name":"Not\u00edcias","link":"https:\/\/radioclubedeinhapim.com.br\/index.php\/category\/noticias\/"}},"tags_names":[],"comments_number":"0","_links":{"self":[{"href":"https:\/\/radioclubedeinhapim.com.br\/index.php\/wp-json\/wp\/v2\/posts\/3827","targetHints":{"allow":["GET"]}}],"collection":[{"href":"https:\/\/radioclubedeinhapim.com.br\/index.php\/wp-json\/wp\/v2\/posts"}],"about":[{"href":"https:\/\/radioclubedeinhapim.com.br\/index.php\/wp-json\/wp\/v2\/types\/post"}],"author":[{"embeddable":true,"href":"https:\/\/radioclubedeinhapim.com.br\/index.php\/wp-json\/wp\/v2\/users\/2"}],"replies":[{"embeddable":true,"href":"https:\/\/radioclubedeinhapim.com.br\/index.php\/wp-json\/wp\/v2\/comments?post=3827"}],"version-history":[{"count":1,"href":"https:\/\/radioclubedeinhapim.com.br\/index.php\/wp-json\/wp\/v2\/posts\/3827\/revisions"}],"predecessor-version":[{"id":3829,"href":"https:\/\/radioclubedeinhapim.com.br\/index.php\/wp-json\/wp\/v2\/posts\/3827\/revisions\/3829"}],"wp:featuredmedia":[{"embeddable":true,"href":"https:\/\/radioclubedeinhapim.com.br\/index.php\/wp-json\/wp\/v2\/media\/3828"}],"wp:attachment":[{"href":"https:\/\/radioclubedeinhapim.com.br\/index.php\/wp-json\/wp\/v2\/media?parent=3827"}],"wp:term":[{"taxonomy":"category","embeddable":true,"href":"https:\/\/radioclubedeinhapim.com.br\/index.php\/wp-json\/wp\/v2\/categories?post=3827"},{"taxonomy":"post_tag","embeddable":true,"href":"https:\/\/radioclubedeinhapim.com.br\/index.php\/wp-json\/wp\/v2\/tags?post=3827"}],"curies":[{"name":"wp","href":"https:\/\/api.w.org\/{rel}","templated":true}]}}