{"id":3855,"date":"2025-01-31T11:55:01","date_gmt":"2025-01-31T14:55:01","guid":{"rendered":"https:\/\/radioclubedeinhapim.com.br\/?p=3855"},"modified":"2025-01-31T11:55:01","modified_gmt":"2025-01-31T14:55:01","slug":"ex-policial-militar-denunciado-por-assassinato-em-minas-gerais-e-preso-nos-eua","status":"publish","type":"post","link":"https:\/\/radioclubedeinhapim.com.br\/index.php\/2025\/01\/31\/ex-policial-militar-denunciado-por-assassinato-em-minas-gerais-e-preso-nos-eua\/","title":{"rendered":"Ex-policial militar denunciado por assassinato em Minas Gerais \u00e9 preso nos EUA"},"content":{"rendered":"\n<p>Um ex-policial militar brasileiro, acusado de um homic\u00eddio cometido em 2018, entre os munic\u00edpios de Piranga e Porto Firme, foi preso em Massachusetts, nos Estados Unidos.<\/p>\n\n\n\n<p>A captura ocorreu em 31 de dezembro de 2024, mas s\u00f3 foi divulgada em janeiro deste ano. A identidade do ex-PM n\u00e3o foi revelada.<\/p>\n\n\n\n<p><a><\/a>Segundo o Minist\u00e9rio P\u00fablico de Minas Gerais (MPMG), o suspeito foi demitido da Pol\u00edcia Militar em 2023. Ele deixou o Brasil pelo Aeroporto Internacional de Guarulhos, em S\u00e3o Paulo, antes de a Interpol emitir uma Difus\u00e3o Vermelha para sua captura.<\/p>\n\n\n\n<p>A diretora de Imigra\u00e7\u00e3o e Fiscaliza\u00e7\u00e3o Aduaneira de Boston, Patricia H. Hyde, afirmou que as autoridades norte-americanas &#8220;n\u00e3o permitir\u00e3o que Massachusetts se torne um ref\u00fagio seguro para fugitivos internacionais&#8221;.<\/p>\n\n\n\n<p>O criminoso continuar\u00e1 sob cust\u00f3dia nos Estados Unidos enquanto aguarda o processo de extradi\u00e7\u00e3o. Assim que retornar ao Brasil, ser\u00e1 submetido a novo julgamento.<\/p>\n\n\n\n<p>A opera\u00e7\u00e3o contou com a participa\u00e7\u00e3o do Gaeco, da Promotoria de Justi\u00e7a de Piranga, da Pol\u00edcia Federal e das autoridades norte-americanas.<\/p>\n","protected":false},"excerpt":{"rendered":"<p>Um ex-policial militar brasileiro, acusado de um homic\u00eddio cometido em 2018, entre os munic\u00edpios de Piranga e Porto Firme, foi preso em Massachusetts, nos Estados Unidos. A captura ocorreu em 31 de dezembro de 2024, mas s\u00f3 foi divulgada em janeiro deste ano. A identidade do ex-PM n\u00e3o foi revelada. Segundo o Minist\u00e9rio P\u00fablico de [&hellip;]<\/p>\n","protected":false},"author":2,"featured_media":3856,"comment_status":"open","ping_status":"open","sticky":false,"template":"","format":"standard","meta":{"footnotes":""},"categories":[5],"tags":[],"class_list":["post-3855","post","type-post","status-publish","format-standard","has-post-thumbnail","hentry","category-noticias"],"wpmagazine_modules_lite_featured_media_urls":{"thumbnail":["https:\/\/radioclubedeinhapim.com.br\/wp-content\/uploads\/2025\/01\/475504919_1438155550516814_1823014459171364726_n-150x150.jpg",150,150,true],"cvmm-medium":["https:\/\/radioclubedeinhapim.com.br\/wp-content\/uploads\/2025\/01\/475504919_1438155550516814_1823014459171364726_n-300x300.jpg",300,300,true],"cvmm-medium-plus":["https:\/\/radioclubedeinhapim.com.br\/wp-content\/uploads\/2025\/01\/475504919_1438155550516814_1823014459171364726_n-305x207.jpg",305,207,true],"cvmm-portrait":["https:\/\/radioclubedeinhapim.com.br\/wp-content\/uploads\/2025\/01\/475504919_1438155550516814_1823014459171364726_n-400x600.jpg",400,600,true],"cvmm-medium-square":["https:\/\/radioclubedeinhapim.com.br\/wp-content\/uploads\/2025\/01\/475504919_1438155550516814_1823014459171364726_n-600x600.jpg",600,600,true],"cvmm-large":["https:\/\/radioclubedeinhapim.com.br\/wp-content\/uploads\/2025\/01\/475504919_1438155550516814_1823014459171364726_n.jpg",960,960,false],"cvmm-small":["https:\/\/radioclubedeinhapim.com.br\/wp-content\/uploads\/2025\/01\/475504919_1438155550516814_1823014459171364726_n-130x95.jpg",130,95,true],"full":["https:\/\/radioclubedeinhapim.com.br\/wp-content\/uploads\/2025\/01\/475504919_1438155550516814_1823014459171364726_n.jpg",960,960,false]},"categories_names":{"5":{"name":"Not\u00edcias","link":"https:\/\/radioclubedeinhapim.com.br\/index.php\/category\/noticias\/"}},"tags_names":[],"comments_number":"0","_links":{"self":[{"href":"https:\/\/radioclubedeinhapim.com.br\/index.php\/wp-json\/wp\/v2\/posts\/3855","targetHints":{"allow":["GET"]}}],"collection":[{"href":"https:\/\/radioclubedeinhapim.com.br\/index.php\/wp-json\/wp\/v2\/posts"}],"about":[{"href":"https:\/\/radioclubedeinhapim.com.br\/index.php\/wp-json\/wp\/v2\/types\/post"}],"author":[{"embeddable":true,"href":"https:\/\/radioclubedeinhapim.com.br\/index.php\/wp-json\/wp\/v2\/users\/2"}],"replies":[{"embeddable":true,"href":"https:\/\/radioclubedeinhapim.com.br\/index.php\/wp-json\/wp\/v2\/comments?post=3855"}],"version-history":[{"count":1,"href":"https:\/\/radioclubedeinhapim.com.br\/index.php\/wp-json\/wp\/v2\/posts\/3855\/revisions"}],"predecessor-version":[{"id":3857,"href":"https:\/\/radioclubedeinhapim.com.br\/index.php\/wp-json\/wp\/v2\/posts\/3855\/revisions\/3857"}],"wp:featuredmedia":[{"embeddable":true,"href":"https:\/\/radioclubedeinhapim.com.br\/index.php\/wp-json\/wp\/v2\/media\/3856"}],"wp:attachment":[{"href":"https:\/\/radioclubedeinhapim.com.br\/index.php\/wp-json\/wp\/v2\/media?parent=3855"}],"wp:term":[{"taxonomy":"category","embeddable":true,"href":"https:\/\/radioclubedeinhapim.com.br\/index.php\/wp-json\/wp\/v2\/categories?post=3855"},{"taxonomy":"post_tag","embeddable":true,"href":"https:\/\/radioclubedeinhapim.com.br\/index.php\/wp-json\/wp\/v2\/tags?post=3855"}],"curies":[{"name":"wp","href":"https:\/\/api.w.org\/{rel}","templated":true}]}}