{"id":3899,"date":"2025-02-04T12:09:24","date_gmt":"2025-02-04T15:09:24","guid":{"rendered":"https:\/\/radioclubedeinhapim.com.br\/?p=3899"},"modified":"2025-02-04T12:09:24","modified_gmt":"2025-02-04T15:09:24","slug":"carro-cai-em-ribanceira-fica-submerso-em-rio-e-crianca-morre-na-mg-111-em-manhuacu","status":"publish","type":"post","link":"https:\/\/radioclubedeinhapim.com.br\/index.php\/2025\/02\/04\/carro-cai-em-ribanceira-fica-submerso-em-rio-e-crianca-morre-na-mg-111-em-manhuacu\/","title":{"rendered":"Carro cai em ribanceira, fica submerso em rio e crian\u00e7a morre na MG-111, em Manhua\u00e7u"},"content":{"rendered":"\n<p>Uma crian\u00e7a, de 2 anos, morreu, ap\u00f3s um acidente na MG-111, nessa segunda-feira (3), em Manhua\u00e7u.<\/p>\n\n\n\n<p>De acordo com a Pol\u00edcia Militar Rodovi\u00e1ria, a motorista seguia pela rodovia, quando, no KM 61, perdeu o controle da dire\u00e7\u00e3o do carro.<\/p>\n\n\n\n<p>O ve\u00edculo, que passava pela ponte conhecida como \u201cGigi Pratinha\u201d, caiu em uma ribanceira, e foi parar em um rio, onde ficou submerso.<\/p>\n\n\n\n<p>No autom\u00f3vel, estavam uma mulher, de 25 anos e dois filhos dela, de 2 e 8 anos.<\/p>\n\n\n\n<p>Quando os militares chegaram ao local, a mulher estava dentro do carro e o filho de 8 anos, em cima do ve\u00edculo.<\/p>\n\n\n\n<p>Ela foi retirada pelos policiais e a crian\u00e7a foi resgatada. Os dois tiveram ferimentos leves e foram atendidos por uma equipe do SAMU de Santana do Manhua\u00e7u.<\/p>\n\n\n\n<p>J\u00e1 Maria Laura Nunes Morais da Costa, de 2 anos, ficou submersa no interior do autom\u00f3vel.<\/p>\n\n\n\n<p>Ela foi retirada e os militares tentaram reanim\u00e1-la. Ela foi levada para o pronto socorro de Simon\u00e9sia, mas n\u00e3o resistiu e morreu.&nbsp;<\/p>\n","protected":false},"excerpt":{"rendered":"<p>Uma crian\u00e7a, de 2 anos, morreu, ap\u00f3s um acidente na MG-111, nessa segunda-feira (3), em Manhua\u00e7u. De acordo com a Pol\u00edcia Militar Rodovi\u00e1ria, a motorista seguia pela rodovia, quando, no KM 61, perdeu o controle da dire\u00e7\u00e3o do carro. O ve\u00edculo, que passava pela ponte conhecida como \u201cGigi Pratinha\u201d, caiu em uma ribanceira, e foi [&hellip;]<\/p>\n","protected":false},"author":2,"featured_media":3900,"comment_status":"open","ping_status":"open","sticky":false,"template":"","format":"standard","meta":{"footnotes":""},"categories":[5],"tags":[],"class_list":["post-3899","post","type-post","status-publish","format-standard","has-post-thumbnail","hentry","category-noticias"],"wpmagazine_modules_lite_featured_media_urls":{"thumbnail":["https:\/\/radioclubedeinhapim.com.br\/wp-content\/uploads\/2025\/02\/476041588_1441487460183623_5411677133212705730_n-150x150.jpg",150,150,true],"cvmm-medium":["https:\/\/radioclubedeinhapim.com.br\/wp-content\/uploads\/2025\/02\/476041588_1441487460183623_5411677133212705730_n-300x300.jpg",300,300,true],"cvmm-medium-plus":["https:\/\/radioclubedeinhapim.com.br\/wp-content\/uploads\/2025\/02\/476041588_1441487460183623_5411677133212705730_n-305x207.jpg",305,207,true],"cvmm-portrait":["https:\/\/radioclubedeinhapim.com.br\/wp-content\/uploads\/2025\/02\/476041588_1441487460183623_5411677133212705730_n-400x600.jpg",400,600,true],"cvmm-medium-square":["https:\/\/radioclubedeinhapim.com.br\/wp-content\/uploads\/2025\/02\/476041588_1441487460183623_5411677133212705730_n-600x600.jpg",600,600,true],"cvmm-large":["https:\/\/radioclubedeinhapim.com.br\/wp-content\/uploads\/2025\/02\/476041588_1441487460183623_5411677133212705730_n-1024x1024.jpg",1024,1024,true],"cvmm-small":["https:\/\/radioclubedeinhapim.com.br\/wp-content\/uploads\/2025\/02\/476041588_1441487460183623_5411677133212705730_n-130x95.jpg",130,95,true],"full":["https:\/\/radioclubedeinhapim.com.br\/wp-content\/uploads\/2025\/02\/476041588_1441487460183623_5411677133212705730_n.jpg",1080,1080,false]},"categories_names":{"5":{"name":"Not\u00edcias","link":"https:\/\/radioclubedeinhapim.com.br\/index.php\/category\/noticias\/"}},"tags_names":[],"comments_number":"0","_links":{"self":[{"href":"https:\/\/radioclubedeinhapim.com.br\/index.php\/wp-json\/wp\/v2\/posts\/3899","targetHints":{"allow":["GET"]}}],"collection":[{"href":"https:\/\/radioclubedeinhapim.com.br\/index.php\/wp-json\/wp\/v2\/posts"}],"about":[{"href":"https:\/\/radioclubedeinhapim.com.br\/index.php\/wp-json\/wp\/v2\/types\/post"}],"author":[{"embeddable":true,"href":"https:\/\/radioclubedeinhapim.com.br\/index.php\/wp-json\/wp\/v2\/users\/2"}],"replies":[{"embeddable":true,"href":"https:\/\/radioclubedeinhapim.com.br\/index.php\/wp-json\/wp\/v2\/comments?post=3899"}],"version-history":[{"count":1,"href":"https:\/\/radioclubedeinhapim.com.br\/index.php\/wp-json\/wp\/v2\/posts\/3899\/revisions"}],"predecessor-version":[{"id":3901,"href":"https:\/\/radioclubedeinhapim.com.br\/index.php\/wp-json\/wp\/v2\/posts\/3899\/revisions\/3901"}],"wp:featuredmedia":[{"embeddable":true,"href":"https:\/\/radioclubedeinhapim.com.br\/index.php\/wp-json\/wp\/v2\/media\/3900"}],"wp:attachment":[{"href":"https:\/\/radioclubedeinhapim.com.br\/index.php\/wp-json\/wp\/v2\/media?parent=3899"}],"wp:term":[{"taxonomy":"category","embeddable":true,"href":"https:\/\/radioclubedeinhapim.com.br\/index.php\/wp-json\/wp\/v2\/categories?post=3899"},{"taxonomy":"post_tag","embeddable":true,"href":"https:\/\/radioclubedeinhapim.com.br\/index.php\/wp-json\/wp\/v2\/tags?post=3899"}],"curies":[{"name":"wp","href":"https:\/\/api.w.org\/{rel}","templated":true}]}}