{"id":3919,"date":"2025-02-05T12:33:42","date_gmt":"2025-02-05T15:33:42","guid":{"rendered":"https:\/\/radioclubedeinhapim.com.br\/?p=3919"},"modified":"2025-02-05T12:33:42","modified_gmt":"2025-02-05T15:33:42","slug":"lula-critica-plano-de-trump-de-assumir-faixa-de-gaza-quem-tem-que-cuidar-de-gaza-sao-os-palestinos","status":"publish","type":"post","link":"https:\/\/radioclubedeinhapim.com.br\/index.php\/2025\/02\/05\/lula-critica-plano-de-trump-de-assumir-faixa-de-gaza-quem-tem-que-cuidar-de-gaza-sao-os-palestinos\/","title":{"rendered":"Lula critica plano de Trump de assumir Faixa de Gaza: &#8216;Quem tem que cuidar de Gaza s\u00e3o os palestinos&#8217;"},"content":{"rendered":"\n<p>O presidente Luiz In\u00e1cio Lula da Silva criticou nesta quarta-feira (5) o plano do presidente dos Estados Unidos, Donald Trump, de assumir o controle da Faixa de Gaza. Em entrevista a r\u00e1dios de Minas Gerais, Lula classificou a proposta como &#8220;praticamente incompreens\u00edvel&#8221; e questionou o destino do povo palestino.<\/p>\n\n\n\n<p>&#8220;Os EUA incentivaram o que Israel fez em Gaza. Agora querem ocup\u00e1-la? E os palestinos v\u00e3o viver onde?&#8221;, indagou. Para Lula, apenas os palestinos devem cuidar da reconstru\u00e7\u00e3o da regi\u00e3o, com apoio internacional. Ele classificou a destrui\u00e7\u00e3o em Gaza como um &#8220;genoc\u00eddio&#8221; e defendeu repara\u00e7\u00f5es para a reconstru\u00e7\u00e3o de casas, hospitais e escolas.<\/p>\n\n\n\n<p>O presidente brasileiro tamb\u00e9m refor\u00e7ou a defesa da cria\u00e7\u00e3o de um Estado Palestino ao lado de Israel. &#8220;O mundo precisa de paz e tranquilidade, n\u00e3o de frases de efeito e arrog\u00e2ncia&#8221;, disse.<\/p>\n\n\n\n<p>Ainda na entrevista, Lula criticou a postura isolacionista dos Estados Unidos sob Trump. &#8220;Os EUA se venderam como s\u00edmbolo da democracia mundial, mas agora provocam instabilidade&#8221;, afirmou. Ele ironizou bravatas do presidente americano, como a ideia de anexar territ\u00f3rios e mudar nomes geogr\u00e1ficos.<\/p>\n\n\n\n<p>Lula comentou ainda a situa\u00e7\u00e3o dos brasileiros deportados dos Estados Unidos. Um novo voo com deportados deve chegar ao Brasil na pr\u00f3xima sexta-feira (7). &#8220;Estamos conversando com o Itamaraty e a Pol\u00edcia Federal para nos prepararmos&#8221;, disse.<\/p>\n\n\n\n<p>Sobre poss\u00edveis aumentos tarif\u00e1rios dos EUA, Lula foi enf\u00e1tico: &#8220;Se qualquer pa\u00eds aumentar a taxa\u00e7\u00e3o com o Brasil, iremos taxar tamb\u00e9m. \u00c9 simples e democr\u00e1tico.&#8221;<\/p>\n\n\n\n<p>As declara\u00e7\u00f5es de Lula refletem tens\u00f5es diplom\u00e1ticas e comerciais, em um momento de desafios internacionais envolvendo os EUA.<\/p>\n","protected":false},"excerpt":{"rendered":"<p>O presidente Luiz In\u00e1cio Lula da Silva criticou nesta quarta-feira (5) o plano do presidente dos Estados Unidos, Donald Trump, de assumir o controle da Faixa de Gaza. Em entrevista a r\u00e1dios de Minas Gerais, Lula classificou a proposta como &#8220;praticamente incompreens\u00edvel&#8221; e questionou o destino do povo palestino. &#8220;Os EUA incentivaram o que Israel [&hellip;]<\/p>\n","protected":false},"author":2,"featured_media":3920,"comment_status":"open","ping_status":"open","sticky":false,"template":"","format":"standard","meta":{"footnotes":""},"categories":[5],"tags":[],"class_list":["post-3919","post","type-post","status-publish","format-standard","has-post-thumbnail","hentry","category-noticias"],"wpmagazine_modules_lite_featured_media_urls":{"thumbnail":["https:\/\/radioclubedeinhapim.com.br\/wp-content\/uploads\/2025\/02\/475966289_1442289660103403_2424381033775758314_n-150x150.jpg",150,150,true],"cvmm-medium":["https:\/\/radioclubedeinhapim.com.br\/wp-content\/uploads\/2025\/02\/475966289_1442289660103403_2424381033775758314_n-300x300.jpg",300,300,true],"cvmm-medium-plus":["https:\/\/radioclubedeinhapim.com.br\/wp-content\/uploads\/2025\/02\/475966289_1442289660103403_2424381033775758314_n-305x207.jpg",305,207,true],"cvmm-portrait":["https:\/\/radioclubedeinhapim.com.br\/wp-content\/uploads\/2025\/02\/475966289_1442289660103403_2424381033775758314_n-400x600.jpg",400,600,true],"cvmm-medium-square":["https:\/\/radioclubedeinhapim.com.br\/wp-content\/uploads\/2025\/02\/475966289_1442289660103403_2424381033775758314_n-600x600.jpg",600,600,true],"cvmm-large":["https:\/\/radioclubedeinhapim.com.br\/wp-content\/uploads\/2025\/02\/475966289_1442289660103403_2424381033775758314_n-1024x1024.jpg",1024,1024,true],"cvmm-small":["https:\/\/radioclubedeinhapim.com.br\/wp-content\/uploads\/2025\/02\/475966289_1442289660103403_2424381033775758314_n-130x95.jpg",130,95,true],"full":["https:\/\/radioclubedeinhapim.com.br\/wp-content\/uploads\/2025\/02\/475966289_1442289660103403_2424381033775758314_n.jpg",1080,1080,false]},"categories_names":{"5":{"name":"Not\u00edcias","link":"https:\/\/radioclubedeinhapim.com.br\/index.php\/category\/noticias\/"}},"tags_names":[],"comments_number":"0","_links":{"self":[{"href":"https:\/\/radioclubedeinhapim.com.br\/index.php\/wp-json\/wp\/v2\/posts\/3919","targetHints":{"allow":["GET"]}}],"collection":[{"href":"https:\/\/radioclubedeinhapim.com.br\/index.php\/wp-json\/wp\/v2\/posts"}],"about":[{"href":"https:\/\/radioclubedeinhapim.com.br\/index.php\/wp-json\/wp\/v2\/types\/post"}],"author":[{"embeddable":true,"href":"https:\/\/radioclubedeinhapim.com.br\/index.php\/wp-json\/wp\/v2\/users\/2"}],"replies":[{"embeddable":true,"href":"https:\/\/radioclubedeinhapim.com.br\/index.php\/wp-json\/wp\/v2\/comments?post=3919"}],"version-history":[{"count":1,"href":"https:\/\/radioclubedeinhapim.com.br\/index.php\/wp-json\/wp\/v2\/posts\/3919\/revisions"}],"predecessor-version":[{"id":3921,"href":"https:\/\/radioclubedeinhapim.com.br\/index.php\/wp-json\/wp\/v2\/posts\/3919\/revisions\/3921"}],"wp:featuredmedia":[{"embeddable":true,"href":"https:\/\/radioclubedeinhapim.com.br\/index.php\/wp-json\/wp\/v2\/media\/3920"}],"wp:attachment":[{"href":"https:\/\/radioclubedeinhapim.com.br\/index.php\/wp-json\/wp\/v2\/media?parent=3919"}],"wp:term":[{"taxonomy":"category","embeddable":true,"href":"https:\/\/radioclubedeinhapim.com.br\/index.php\/wp-json\/wp\/v2\/categories?post=3919"},{"taxonomy":"post_tag","embeddable":true,"href":"https:\/\/radioclubedeinhapim.com.br\/index.php\/wp-json\/wp\/v2\/tags?post=3919"}],"curies":[{"name":"wp","href":"https:\/\/api.w.org\/{rel}","templated":true}]}}