{"id":3944,"date":"2025-02-06T15:38:01","date_gmt":"2025-02-06T18:38:01","guid":{"rendered":"https:\/\/radioclubedeinhapim.com.br\/?p=3944"},"modified":"2025-02-06T15:38:01","modified_gmt":"2025-02-06T18:38:01","slug":"apos-1-ano-e-10-meses-foragido-brasileiro-acusado-de-feminicidio-e-extraditado-e-preso-em-minas-gerais","status":"publish","type":"post","link":"https:\/\/radioclubedeinhapim.com.br\/index.php\/2025\/02\/06\/apos-1-ano-e-10-meses-foragido-brasileiro-acusado-de-feminicidio-e-extraditado-e-preso-em-minas-gerais\/","title":{"rendered":"Ap\u00f3s 1 ano e 10 meses foragido, brasileiro acusado de feminic\u00eddio \u00e9 extraditado e preso em Minas Gerais"},"content":{"rendered":"\n<p>A Pol\u00edcia Federal escoltou Alef Teixeira de Souza, de 31 anos, de volta ao Brasil ap\u00f3s sua extradi\u00e7\u00e3o da Col\u00f4mbia. Acusado de homic\u00eddio triplamente qualificado contra a namorada Rafaella Cristina Miranda Sales, de 34 anos, em 2023, ele constava na lista de procurados internacionais da Interpol. A pena para os crimes pode ultrapassar 105 anos de reclus\u00e3o.<\/p>\n\n\n\n<p>O crime aconteceu em <a><\/a>abril de 2023, em Ipatinga, no Vale do A\u00e7o. Segundo o Minist\u00e9rio P\u00fablico de Minas Gerais (MPMG), Alef e Rafaella se conheceram por meio de um aplicativo de relacionamento e mantiveram um relacionamento por cerca de dois meses. Nesse per\u00edodo, a v\u00edtima sofreu agress\u00f5es f\u00edsicas.<\/p>\n\n\n\n<p>No dia do assassinato, Rafaella foi estrangulada, e Alef injetou coca\u00edna em seu corpo para tentar dissimular o homic\u00eddio. A subst\u00e2ncia provocou uma intoxica\u00e7\u00e3o fatal. Ap\u00f3s a morte, o acusado assumiu o controle das redes sociais da v\u00edtima, enviando mensagens aos familiares para simular que tudo estava bem.<\/p>\n\n\n\n<p>Alef fugiu para o exterior logo ap\u00f3s o crime. Em agosto de 2023, foi preso na Costa Rica, mas a aus\u00eancia de tratado de extradi\u00e7\u00e3o com o Brasil resultou em sua soltura. Posteriormente, ele seguiu para os Estados Unidos, com escala na Col\u00f4mbia, onde foi capturado em uma a\u00e7\u00e3o conjunta entre a Interpol e a Pol\u00edcia Federal Brasileira.<\/p>\n\n\n\n<p>De acordo com a Secretaria de Estado de Justi\u00e7a e Seguran\u00e7a P\u00fablica, Alef Teixeira de Souza j\u00e1 deu entrada na Penitenci\u00e1ria Nelson Hungria, em Contagem, na Regi\u00e3o Metropolitana de Belo Horizonte.<\/p>\n\n\n\n<p>Ele responder\u00e1 pelos crimes de homic\u00eddio triplamente qualificado, feminic\u00eddio e tr\u00e1fico de drogas. As autoridades brasileiras ressaltaram que as investiga\u00e7\u00f5es seguem para garantir a responsabiliza\u00e7\u00e3o plena pelos atos cometidos.<\/p>\n","protected":false},"excerpt":{"rendered":"<p>A Pol\u00edcia Federal escoltou Alef Teixeira de Souza, de 31 anos, de volta ao Brasil ap\u00f3s sua extradi\u00e7\u00e3o da Col\u00f4mbia. Acusado de homic\u00eddio triplamente qualificado contra a namorada Rafaella Cristina Miranda Sales, de 34 anos, em 2023, ele constava na lista de procurados internacionais da Interpol. A pena para os crimes pode ultrapassar 105 anos [&hellip;]<\/p>\n","protected":false},"author":2,"featured_media":3945,"comment_status":"open","ping_status":"open","sticky":false,"template":"","format":"standard","meta":{"footnotes":""},"categories":[5],"tags":[],"class_list":["post-3944","post","type-post","status-publish","format-standard","has-post-thumbnail","hentry","category-noticias"],"wpmagazine_modules_lite_featured_media_urls":{"thumbnail":["https:\/\/radioclubedeinhapim.com.br\/wp-content\/uploads\/2025\/02\/Copia-de-Inserir-um-subtitulo-2025-02-06T153411.373-150x150.jpg",150,150,true],"cvmm-medium":["https:\/\/radioclubedeinhapim.com.br\/wp-content\/uploads\/2025\/02\/Copia-de-Inserir-um-subtitulo-2025-02-06T153411.373-300x300.jpg",300,300,true],"cvmm-medium-plus":["https:\/\/radioclubedeinhapim.com.br\/wp-content\/uploads\/2025\/02\/Copia-de-Inserir-um-subtitulo-2025-02-06T153411.373-305x207.jpg",305,207,true],"cvmm-portrait":["https:\/\/radioclubedeinhapim.com.br\/wp-content\/uploads\/2025\/02\/Copia-de-Inserir-um-subtitulo-2025-02-06T153411.373-400x600.jpg",400,600,true],"cvmm-medium-square":["https:\/\/radioclubedeinhapim.com.br\/wp-content\/uploads\/2025\/02\/Copia-de-Inserir-um-subtitulo-2025-02-06T153411.373-600x600.jpg",600,600,true],"cvmm-large":["https:\/\/radioclubedeinhapim.com.br\/wp-content\/uploads\/2025\/02\/Copia-de-Inserir-um-subtitulo-2025-02-06T153411.373-1024x1024.jpg",1024,1024,true],"cvmm-small":["https:\/\/radioclubedeinhapim.com.br\/wp-content\/uploads\/2025\/02\/Copia-de-Inserir-um-subtitulo-2025-02-06T153411.373-130x95.jpg",130,95,true],"full":["https:\/\/radioclubedeinhapim.com.br\/wp-content\/uploads\/2025\/02\/Copia-de-Inserir-um-subtitulo-2025-02-06T153411.373.jpg",1080,1080,false]},"categories_names":{"5":{"name":"Not\u00edcias","link":"https:\/\/radioclubedeinhapim.com.br\/index.php\/category\/noticias\/"}},"tags_names":[],"comments_number":"0","_links":{"self":[{"href":"https:\/\/radioclubedeinhapim.com.br\/index.php\/wp-json\/wp\/v2\/posts\/3944","targetHints":{"allow":["GET"]}}],"collection":[{"href":"https:\/\/radioclubedeinhapim.com.br\/index.php\/wp-json\/wp\/v2\/posts"}],"about":[{"href":"https:\/\/radioclubedeinhapim.com.br\/index.php\/wp-json\/wp\/v2\/types\/post"}],"author":[{"embeddable":true,"href":"https:\/\/radioclubedeinhapim.com.br\/index.php\/wp-json\/wp\/v2\/users\/2"}],"replies":[{"embeddable":true,"href":"https:\/\/radioclubedeinhapim.com.br\/index.php\/wp-json\/wp\/v2\/comments?post=3944"}],"version-history":[{"count":1,"href":"https:\/\/radioclubedeinhapim.com.br\/index.php\/wp-json\/wp\/v2\/posts\/3944\/revisions"}],"predecessor-version":[{"id":3946,"href":"https:\/\/radioclubedeinhapim.com.br\/index.php\/wp-json\/wp\/v2\/posts\/3944\/revisions\/3946"}],"wp:featuredmedia":[{"embeddable":true,"href":"https:\/\/radioclubedeinhapim.com.br\/index.php\/wp-json\/wp\/v2\/media\/3945"}],"wp:attachment":[{"href":"https:\/\/radioclubedeinhapim.com.br\/index.php\/wp-json\/wp\/v2\/media?parent=3944"}],"wp:term":[{"taxonomy":"category","embeddable":true,"href":"https:\/\/radioclubedeinhapim.com.br\/index.php\/wp-json\/wp\/v2\/categories?post=3944"},{"taxonomy":"post_tag","embeddable":true,"href":"https:\/\/radioclubedeinhapim.com.br\/index.php\/wp-json\/wp\/v2\/tags?post=3944"}],"curies":[{"name":"wp","href":"https:\/\/api.w.org\/{rel}","templated":true}]}}